{"id":10720,"date":"2025-04-24T16:00:52","date_gmt":"2025-04-24T14:00:52","guid":{"rendered":"https:\/\/agora.xtec.cat\/ceiplesmimoses\/?p=10720"},"modified":"2026-01-20T16:16:42","modified_gmt":"2026-01-20T15:16:42","slug":"sant-jordi","status":"publish","type":"post","link":"https:\/\/agora.xtec.cat\/ceiplesmimoses\/blogs-d-aula\/primaria\/promocio-2014\/sant-jordi\/","title":{"rendered":"Sant Jordi"},"content":{"rendered":"<p style=\"text-align: justify;\">Ahir a l&#8217;escola vam celebrar el dia de <strong>Sant Jordi.<\/strong><\/p>\n<p style=\"text-align: justify;\">Al mat\u00ed v\u00e0rem gaudir d&#8217;un <strong>espectacle i un esmorzar gr\u00e0cies a l&#8217;ajuntament<\/strong>, ens va encantar!<\/p>\n<p style=\"text-align: justify;\">A la tarda el Marc, el nostre mestre de m\u00fasica va preparar unes <strong>danses<\/strong> amb els alumnes de prim\u00e0ria i v\u00e0rem sortir al pati a compartir-les amb totes i tots els alumnes.<\/p>\n<p style=\"text-align: justify;\">Tamb\u00e9 vam explicar contes, llegir textos, recordar la llegenda&#8230; i per acabar van entrar les fam\u00edlies a veure<strong> l&#8217;exposici\u00f3 liter\u00e0ria<\/strong> als passadissos, on hi havia una diversitat de textos realitzats per tots els infants de l&#8217;escola.<\/p>\n<p style=\"text-align: justify;\">Va ser un dia molt complet i especial!<\/p>\n<p style=\"text-align: center;\"><a href=\"https:\/\/agora.xtec.cat\/ceiplesmimoses\/wp-content\/uploads\/usu1435\/2025\/04\/portada-sant-jordi.png\"><img loading=\"lazy\" decoding=\"async\" class=\"alignnone wp-image-10721\" src=\"https:\/\/agora.xtec.cat\/ceiplesmimoses\/wp-content\/uploads\/usu1435\/2025\/04\/portada-sant-jordi-1024x616.png\" alt=\"\" width=\"215\" height=\"129\" srcset=\"https:\/\/agora.xtec.cat\/ceiplesmimoses\/wp-content\/uploads\/usu1435\/2025\/04\/portada-sant-jordi-1024x616.png 1024w, https:\/\/agora.xtec.cat\/ceiplesmimoses\/wp-content\/uploads\/usu1435\/2025\/04\/portada-sant-jordi-300x181.png 300w, https:\/\/agora.xtec.cat\/ceiplesmimoses\/wp-content\/uploads\/usu1435\/2025\/04\/portada-sant-jordi-768x462.png 768w, https:\/\/agora.xtec.cat\/ceiplesmimoses\/wp-content\/uploads\/usu1435\/2025\/04\/portada-sant-jordi.png 1077w\" sizes=\"auto, (max-width: 215px) 100vw, 215px\" \/><\/a><\/p>\n<p style=\"text-align: center;\"><a href=\"https:\/\/photos.app.goo.gl\/hjBTPojX3C7Q16AEA\">VEURE M\u00c9S FOTOS<\/a><\/p>\n","protected":false},"excerpt":{"rendered":"<p>Ahir a l&#8217;escola vam celebrar el dia de Sant Jordi. Al mat\u00ed v\u00e0rem gaudir d&#8217;un espectacle i un esmorzar gr\u00e0cies a l&#8217;ajuntament, ens va encantar! A la tarda el Marc, el nostre mestre de m\u00fasica va preparar unes danses amb els alumnes de prim\u00e0ria i v\u00e0rem sortir al pati a compartir-les amb totes i tots [&hellip;]<\/p>\n","protected":false},"author":55,"featured_media":10721,"comment_status":"closed","ping_status":"closed","sticky":false,"template":"","format":"standard","meta":{"_bbp_topic_count":0,"_bbp_reply_count":0,"_bbp_total_topic_count":0,"_bbp_total_reply_count":0,"_bbp_voice_count":0,"_bbp_anonymous_reply_count":0,"_bbp_topic_count_hidden":0,"_bbp_reply_count_hidden":0,"_bbp_forum_subforum_count":0,"site-sidebar-layout":"default","site-content-layout":"","ast-site-content-layout":"default","site-content-style":"default","site-sidebar-style":"default","ast-global-header-display":"","ast-banner-title-visibility":"","ast-main-header-display":"","ast-hfb-above-header-display":"","ast-hfb-below-header-display":"","ast-hfb-mobile-header-display":"","site-post-title":"","ast-breadcrumbs-content":"","ast-featured-img":"","footer-sml-layout":"","theme-transparent-header-meta":"","adv-header-id-meta":"","stick-header-meta":"","header-above-stick-meta":"","header-main-stick-meta":"","header-below-stick-meta":"","astra-migrate-meta-layouts":"set","ast-page-background-enabled":"default","ast-page-background-meta":{"desktop":{"background-color":"var(--ast-global-color-4)","background-image":"","background-repeat":"repeat","background-position":"center center","background-size":"auto","background-attachment":"scroll","background-type":"","background-media":"","overlay-type":"","overlay-color":"","overlay-opacity":"","overlay-gradient":""},"tablet":{"background-color":"","background-image":"","background-repeat":"repeat","background-position":"center center","background-size":"auto","background-attachment":"scroll","background-type":"","background-media":"","overlay-type":"","overlay-color":"","overlay-opacity":"","overlay-gradient":""},"mobile":{"background-color":"","background-image":"","background-repeat":"repeat","background-position":"center center","background-size":"auto","background-attachment":"scroll","background-type":"","background-media":"","overlay-type":"","overlay-color":"","overlay-opacity":"","overlay-gradient":""}},"ast-content-background-meta":{"desktop":{"background-color":"var(--ast-global-color-5)","background-image":"","background-repeat":"repeat","background-position":"center center","background-size":"auto","background-attachment":"scroll","background-type":"","background-media":"","overlay-type":"","overlay-color":"","overlay-opacity":"","overlay-gradient":""},"tablet":{"background-color":"var(--ast-global-color-5)","background-image":"","background-repeat":"repeat","background-position":"center center","background-size":"auto","background-attachment":"scroll","background-type":"","background-media":"","overlay-type":"","overlay-color":"","overlay-opacity":"","overlay-gradient":""},"mobile":{"background-color":"var(--ast-global-color-5)","background-image":"","background-repeat":"repeat","background-position":"center center","background-size":"auto","background-attachment":"scroll","background-type":"","background-media":"","overlay-type":"","overlay-color":"","overlay-opacity":"","overlay-gradient":""}},"footnotes":""},"categories":[10,78,77,80,81,150,149,148,156,157],"tags":[],"class_list":["post-10720","post","type-post","status-publish","format-standard","has-post-thumbnail","hentry","category-promocio-2014","category-promocio-2015","category-promocio-2016","category-promocio-2017","category-promocio-2018","category-promocio-2019","category-promocio-2020","category-promocio-2021","category-promocio-2022","category-promocio-2023"],"post_mailing_queue_ids":[],"_links":{"self":[{"href":"https:\/\/agora.xtec.cat\/ceiplesmimoses\/wp-json\/wp\/v2\/posts\/10720","targetHints":{"allow":["GET"]}}],"collection":[{"href":"https:\/\/agora.xtec.cat\/ceiplesmimoses\/wp-json\/wp\/v2\/posts"}],"about":[{"href":"https:\/\/agora.xtec.cat\/ceiplesmimoses\/wp-json\/wp\/v2\/types\/post"}],"author":[{"embeddable":true,"href":"https:\/\/agora.xtec.cat\/ceiplesmimoses\/wp-json\/wp\/v2\/users\/55"}],"replies":[{"embeddable":true,"href":"https:\/\/agora.xtec.cat\/ceiplesmimoses\/wp-json\/wp\/v2\/comments?post=10720"}],"version-history":[{"count":2,"href":"https:\/\/agora.xtec.cat\/ceiplesmimoses\/wp-json\/wp\/v2\/posts\/10720\/revisions"}],"predecessor-version":[{"id":11306,"href":"https:\/\/agora.xtec.cat\/ceiplesmimoses\/wp-json\/wp\/v2\/posts\/10720\/revisions\/11306"}],"wp:featuredmedia":[{"embeddable":true,"href":"https:\/\/agora.xtec.cat\/ceiplesmimoses\/wp-json\/wp\/v2\/media\/10721"}],"wp:attachment":[{"href":"https:\/\/agora.xtec.cat\/ceiplesmimoses\/wp-json\/wp\/v2\/media?parent=10720"}],"wp:term":[{"taxonomy":"category","embeddable":true,"href":"https:\/\/agora.xtec.cat\/ceiplesmimoses\/wp-json\/wp\/v2\/categories?post=10720"},{"taxonomy":"post_tag","embeddable":true,"href":"https:\/\/agora.xtec.cat\/ceiplesmimoses\/wp-json\/wp\/v2\/tags?post=10720"}],"curies":[{"name":"wp","href":"https:\/\/api.w.org\/{rel}","templated":true}]}}