{"id":10622,"date":"2025-04-11T12:45:26","date_gmt":"2025-04-11T10:45:26","guid":{"rendered":"https:\/\/agora.xtec.cat\/ceiplesmimoses\/?p=10622"},"modified":"2026-01-20T16:17:03","modified_gmt":"2026-01-20T15:17:03","slug":"ultim-dia-del-trimestre","status":"publish","type":"post","link":"https:\/\/agora.xtec.cat\/ceiplesmimoses\/blogs-d-aula\/primaria\/promocio-2016\/ultim-dia-del-trimestre\/","title":{"rendered":"\u00daltim dia del trimestre"},"content":{"rendered":"<p style=\"text-align: justify;\">Avui els nens i nenes de cicle mitj\u00e0, per celebrar l&#8217;\u00faltim dia del trimestre i aprofitant que venen vacances, hem fet les nostres<strong> mones de pasqua<\/strong>. Nyami! Estaven bon\u00edssimes!<\/p>\n<p style=\"text-align: justify;\">Hem gaudit tamb\u00e9 d&#8217;un taller de <strong>primers auxilis<\/strong> a c\u00e0rrec de sanitaris experts, que ens han mostrat com hem d&#8217;actuar en cas d&#8217;emerg\u00e8ncia, i hem pogut veure com \u00e9s una ambul\u00e0ncia per dintre i quines s\u00f3n les seves funcions. Ha estat molt interessant.<\/p>\n<p style=\"text-align: justify;\">Hem acabat el mat\u00ed amb una <strong>recerca<\/strong> d&#8217;ous en equip!<\/p>\n<p style=\"text-align: justify;\">I per tancar el dia, hem sortit al<strong> bosc<\/strong> a passar una bona estona a l&#8217;aire lliure i envoltats de natura!<\/p>\n<p><a href=\"https:\/\/agora.xtec.cat\/ceiplesmimoses\/wp-content\/uploads\/usu1435\/2025\/04\/IMG_1409.jpg\"><img loading=\"lazy\" decoding=\"async\" class=\"aligncenter size-full wp-image-10623\" src=\"https:\/\/agora.xtec.cat\/ceiplesmimoses\/wp-content\/uploads\/usu1435\/2025\/04\/IMG_1409.jpg\" alt=\"\" width=\"320\" height=\"240\" srcset=\"https:\/\/agora.xtec.cat\/ceiplesmimoses\/wp-content\/uploads\/usu1435\/2025\/04\/IMG_1409.jpg 320w, https:\/\/agora.xtec.cat\/ceiplesmimoses\/wp-content\/uploads\/usu1435\/2025\/04\/IMG_1409-300x225.jpg 300w, https:\/\/agora.xtec.cat\/ceiplesmimoses\/wp-content\/uploads\/usu1435\/2025\/04\/IMG_1409-200x150.jpg 200w\" sizes=\"auto, (max-width: 320px) 100vw, 320px\" \/><\/a><\/p>\n<p><a href=\"https:\/\/photos.app.goo.gl\/RbUqyLiBYrTKypZK8\"><strong>VEURE M\u00c9S FOTOS<\/strong><\/a><\/p>\n<p><!--a=1--><\/p>\n","protected":false},"excerpt":{"rendered":"<p>Avui els nens i nenes de cicle mitj\u00e0, per celebrar l&#8217;\u00faltim dia del trimestre i aprofitant que venen vacances, hem fet les nostres mones de pasqua. Nyami! Estaven bon\u00edssimes! Hem gaudit tamb\u00e9 d&#8217;un taller de primers auxilis a c\u00e0rrec de sanitaris experts, que ens han mostrat com hem d&#8217;actuar en cas d&#8217;emerg\u00e8ncia, i hem pogut [&hellip;]<\/p>\n","protected":false},"author":46,"featured_media":10623,"comment_status":"closed","ping_status":"closed","sticky":false,"template":"","format":"standard","meta":{"_bbp_topic_count":0,"_bbp_reply_count":0,"_bbp_total_topic_count":0,"_bbp_total_reply_count":0,"_bbp_voice_count":0,"_bbp_anonymous_reply_count":0,"_bbp_topic_count_hidden":0,"_bbp_reply_count_hidden":0,"_bbp_forum_subforum_count":0,"site-sidebar-layout":"default","site-content-layout":"","ast-site-content-layout":"default","site-content-style":"default","site-sidebar-style":"default","ast-global-header-display":"","ast-banner-title-visibility":"","ast-main-header-display":"","ast-hfb-above-header-display":"","ast-hfb-below-header-display":"","ast-hfb-mobile-header-display":"","site-post-title":"","ast-breadcrumbs-content":"","ast-featured-img":"","footer-sml-layout":"","theme-transparent-header-meta":"","adv-header-id-meta":"","stick-header-meta":"","header-above-stick-meta":"","header-main-stick-meta":"","header-below-stick-meta":"","astra-migrate-meta-layouts":"set","ast-page-background-enabled":"default","ast-page-background-meta":{"desktop":{"background-color":"var(--ast-global-color-4)","background-image":"","background-repeat":"repeat","background-position":"center center","background-size":"auto","background-attachment":"scroll","background-type":"","background-media":"","overlay-type":"","overlay-color":"","overlay-opacity":"","overlay-gradient":""},"tablet":{"background-color":"","background-image":"","background-repeat":"repeat","background-position":"center center","background-size":"auto","background-attachment":"scroll","background-type":"","background-media":"","overlay-type":"","overlay-color":"","overlay-opacity":"","overlay-gradient":""},"mobile":{"background-color":"","background-image":"","background-repeat":"repeat","background-position":"center center","background-size":"auto","background-attachment":"scroll","background-type":"","background-media":"","overlay-type":"","overlay-color":"","overlay-opacity":"","overlay-gradient":""}},"ast-content-background-meta":{"desktop":{"background-color":"var(--ast-global-color-5)","background-image":"","background-repeat":"repeat","background-position":"center center","background-size":"auto","background-attachment":"scroll","background-type":"","background-media":"","overlay-type":"","overlay-color":"","overlay-opacity":"","overlay-gradient":""},"tablet":{"background-color":"var(--ast-global-color-5)","background-image":"","background-repeat":"repeat","background-position":"center center","background-size":"auto","background-attachment":"scroll","background-type":"","background-media":"","overlay-type":"","overlay-color":"","overlay-opacity":"","overlay-gradient":""},"mobile":{"background-color":"var(--ast-global-color-5)","background-image":"","background-repeat":"repeat","background-position":"center center","background-size":"auto","background-attachment":"scroll","background-type":"","background-media":"","overlay-type":"","overlay-color":"","overlay-opacity":"","overlay-gradient":""}},"footnotes":""},"categories":[78,77],"tags":[],"class_list":["post-10622","post","type-post","status-publish","format-standard","has-post-thumbnail","hentry","category-promocio-2015","category-promocio-2016"],"post_mailing_queue_ids":[],"_links":{"self":[{"href":"https:\/\/agora.xtec.cat\/ceiplesmimoses\/wp-json\/wp\/v2\/posts\/10622","targetHints":{"allow":["GET"]}}],"collection":[{"href":"https:\/\/agora.xtec.cat\/ceiplesmimoses\/wp-json\/wp\/v2\/posts"}],"about":[{"href":"https:\/\/agora.xtec.cat\/ceiplesmimoses\/wp-json\/wp\/v2\/types\/post"}],"author":[{"embeddable":true,"href":"https:\/\/agora.xtec.cat\/ceiplesmimoses\/wp-json\/wp\/v2\/users\/46"}],"replies":[{"embeddable":true,"href":"https:\/\/agora.xtec.cat\/ceiplesmimoses\/wp-json\/wp\/v2\/comments?post=10622"}],"version-history":[{"count":2,"href":"https:\/\/agora.xtec.cat\/ceiplesmimoses\/wp-json\/wp\/v2\/posts\/10622\/revisions"}],"predecessor-version":[{"id":11308,"href":"https:\/\/agora.xtec.cat\/ceiplesmimoses\/wp-json\/wp\/v2\/posts\/10622\/revisions\/11308"}],"wp:featuredmedia":[{"embeddable":true,"href":"https:\/\/agora.xtec.cat\/ceiplesmimoses\/wp-json\/wp\/v2\/media\/10623"}],"wp:attachment":[{"href":"https:\/\/agora.xtec.cat\/ceiplesmimoses\/wp-json\/wp\/v2\/media?parent=10622"}],"wp:term":[{"taxonomy":"category","embeddable":true,"href":"https:\/\/agora.xtec.cat\/ceiplesmimoses\/wp-json\/wp\/v2\/categories?post=10622"},{"taxonomy":"post_tag","embeddable":true,"href":"https:\/\/agora.xtec.cat\/ceiplesmimoses\/wp-json\/wp\/v2\/tags?post=10622"}],"curies":[{"name":"wp","href":"https:\/\/api.w.org\/{rel}","templated":true}]}}