{"id":10479,"date":"2025-02-21T11:10:26","date_gmt":"2025-02-21T10:10:26","guid":{"rendered":"https:\/\/agora.xtec.cat\/ceiplesmimoses\/?p=10479"},"modified":"2026-01-20T16:19:44","modified_gmt":"2026-01-20T15:19:44","slug":"sortida-al-riu","status":"publish","type":"post","link":"https:\/\/agora.xtec.cat\/ceiplesmimoses\/blogs-d-aula\/primaria\/promocio-2016\/sortida-al-riu\/","title":{"rendered":"Sortida al riu Bes\u00f2s"},"content":{"rendered":"<p style=\"text-align: justify;\" data-pm-slice=\"1 1 []\">L&#8217;alumnat de <strong>cicle mitj\u00e0<\/strong> ha fet una sortida als voltants de l&#8217;escola fins al riu Bes\u00f2s dins del projecte <strong>&#8220;Rius i paisatges&#8221;<\/strong>. Acompanyats per dos membres de <strong>La Bassassa<\/strong>, que n&#8217;han fet una gran tasca, i hem descobert les caracter\u00edstiques de la ribera, la seva fauna i flora, i la import\u00e0ncia de conservar els rius.<\/p>\n<p style=\"text-align: justify;\">Hem pogut observar diferents <strong>esp\u00e8cies<\/strong> d&#8217;aus, plantes aut\u00f2ctones i fins i tot alguns invertebrats que viuen a l\u2019aigua.\u00a0Ha estat una experi\u00e8ncia molt enriquidora i vivencial, que ens ha perm\u00e8s aprendre de manera pr\u00e0ctica i connectar amb l&#8217;entorn natural que ens envolta.<\/p>\n<p style=\"text-align: justify;\"><a href=\"https:\/\/photos.app.goo.gl\/1igBKVF8q1PkAWxu9\"><br \/>\n<img loading=\"lazy\" decoding=\"async\" class=\"aligncenter wp-image-10480\" src=\"https:\/\/agora.xtec.cat\/ceiplesmimoses\/wp-content\/uploads\/usu1435\/2025\/02\/IMG_1095.jpg\" alt=\"\" width=\"432\" height=\"324\" srcset=\"https:\/\/agora.xtec.cat\/ceiplesmimoses\/wp-content\/uploads\/usu1435\/2025\/02\/IMG_1095.jpg 640w, https:\/\/agora.xtec.cat\/ceiplesmimoses\/wp-content\/uploads\/usu1435\/2025\/02\/IMG_1095-300x225.jpg 300w, https:\/\/agora.xtec.cat\/ceiplesmimoses\/wp-content\/uploads\/usu1435\/2025\/02\/IMG_1095-200x150.jpg 200w\" sizes=\"auto, (max-width: 432px) 100vw, 432px\" \/><\/a><\/p>\n<p style=\"text-align: center;\"><a href=\"https:\/\/photos.app.goo.gl\/1igBKVF8q1PkAWxu9\">Veure m\u00e9s fotos<\/a><\/p>\n<p><!--a=1--><\/p>\n<p><!--a=1--><\/p>\n","protected":false},"excerpt":{"rendered":"<p>L&#8217;alumnat de cicle mitj\u00e0 ha fet una sortida als voltants de l&#8217;escola fins al riu Bes\u00f2s dins del projecte &#8220;Rius i paisatges&#8221;. Acompanyats per dos membres de La Bassassa, que n&#8217;han fet una gran tasca, i hem descobert les caracter\u00edstiques de la ribera, la seva fauna i flora, i la import\u00e0ncia de conservar els rius. [&hellip;]<\/p>\n","protected":false},"author":46,"featured_media":10480,"comment_status":"closed","ping_status":"closed","sticky":false,"template":"","format":"standard","meta":{"_bbp_topic_count":0,"_bbp_reply_count":0,"_bbp_total_topic_count":0,"_bbp_total_reply_count":0,"_bbp_voice_count":0,"_bbp_anonymous_reply_count":0,"_bbp_topic_count_hidden":0,"_bbp_reply_count_hidden":0,"_bbp_forum_subforum_count":0,"site-sidebar-layout":"default","site-content-layout":"","ast-site-content-layout":"default","site-content-style":"default","site-sidebar-style":"default","ast-global-header-display":"","ast-banner-title-visibility":"","ast-main-header-display":"","ast-hfb-above-header-display":"","ast-hfb-below-header-display":"","ast-hfb-mobile-header-display":"","site-post-title":"","ast-breadcrumbs-content":"","ast-featured-img":"","footer-sml-layout":"","theme-transparent-header-meta":"","adv-header-id-meta":"","stick-header-meta":"","header-above-stick-meta":"","header-main-stick-meta":"","header-below-stick-meta":"","astra-migrate-meta-layouts":"set","ast-page-background-enabled":"default","ast-page-background-meta":{"desktop":{"background-color":"var(--ast-global-color-4)","background-image":"","background-repeat":"repeat","background-position":"center center","background-size":"auto","background-attachment":"scroll","background-type":"","background-media":"","overlay-type":"","overlay-color":"","overlay-opacity":"","overlay-gradient":""},"tablet":{"background-color":"","background-image":"","background-repeat":"repeat","background-position":"center center","background-size":"auto","background-attachment":"scroll","background-type":"","background-media":"","overlay-type":"","overlay-color":"","overlay-opacity":"","overlay-gradient":""},"mobile":{"background-color":"","background-image":"","background-repeat":"repeat","background-position":"center center","background-size":"auto","background-attachment":"scroll","background-type":"","background-media":"","overlay-type":"","overlay-color":"","overlay-opacity":"","overlay-gradient":""}},"ast-content-background-meta":{"desktop":{"background-color":"var(--ast-global-color-5)","background-image":"","background-repeat":"repeat","background-position":"center center","background-size":"auto","background-attachment":"scroll","background-type":"","background-media":"","overlay-type":"","overlay-color":"","overlay-opacity":"","overlay-gradient":""},"tablet":{"background-color":"var(--ast-global-color-5)","background-image":"","background-repeat":"repeat","background-position":"center center","background-size":"auto","background-attachment":"scroll","background-type":"","background-media":"","overlay-type":"","overlay-color":"","overlay-opacity":"","overlay-gradient":""},"mobile":{"background-color":"var(--ast-global-color-5)","background-image":"","background-repeat":"repeat","background-position":"center center","background-size":"auto","background-attachment":"scroll","background-type":"","background-media":"","overlay-type":"","overlay-color":"","overlay-opacity":"","overlay-gradient":""}},"footnotes":""},"categories":[78,77],"tags":[],"class_list":["post-10479","post","type-post","status-publish","format-standard","has-post-thumbnail","hentry","category-promocio-2015","category-promocio-2016"],"post_mailing_queue_ids":[],"_links":{"self":[{"href":"https:\/\/agora.xtec.cat\/ceiplesmimoses\/wp-json\/wp\/v2\/posts\/10479","targetHints":{"allow":["GET"]}}],"collection":[{"href":"https:\/\/agora.xtec.cat\/ceiplesmimoses\/wp-json\/wp\/v2\/posts"}],"about":[{"href":"https:\/\/agora.xtec.cat\/ceiplesmimoses\/wp-json\/wp\/v2\/types\/post"}],"author":[{"embeddable":true,"href":"https:\/\/agora.xtec.cat\/ceiplesmimoses\/wp-json\/wp\/v2\/users\/46"}],"replies":[{"embeddable":true,"href":"https:\/\/agora.xtec.cat\/ceiplesmimoses\/wp-json\/wp\/v2\/comments?post=10479"}],"version-history":[{"count":5,"href":"https:\/\/agora.xtec.cat\/ceiplesmimoses\/wp-json\/wp\/v2\/posts\/10479\/revisions"}],"predecessor-version":[{"id":11318,"href":"https:\/\/agora.xtec.cat\/ceiplesmimoses\/wp-json\/wp\/v2\/posts\/10479\/revisions\/11318"}],"wp:featuredmedia":[{"embeddable":true,"href":"https:\/\/agora.xtec.cat\/ceiplesmimoses\/wp-json\/wp\/v2\/media\/10480"}],"wp:attachment":[{"href":"https:\/\/agora.xtec.cat\/ceiplesmimoses\/wp-json\/wp\/v2\/media?parent=10479"}],"wp:term":[{"taxonomy":"category","embeddable":true,"href":"https:\/\/agora.xtec.cat\/ceiplesmimoses\/wp-json\/wp\/v2\/categories?post=10479"},{"taxonomy":"post_tag","embeddable":true,"href":"https:\/\/agora.xtec.cat\/ceiplesmimoses\/wp-json\/wp\/v2\/tags?post=10479"}],"curies":[{"name":"wp","href":"https:\/\/api.w.org\/{rel}","templated":true}]}}