{"id":10476,"date":"2025-02-14T07:39:37","date_gmt":"2025-02-14T06:39:37","guid":{"rendered":"https:\/\/agora.xtec.cat\/ceiplesmimoses\/?p=10476"},"modified":"2026-01-20T16:19:52","modified_gmt":"2026-01-20T15:19:52","slug":"visita-al-museu-abello","status":"publish","type":"post","link":"https:\/\/agora.xtec.cat\/ceiplesmimoses\/blogs-d-aula\/primaria\/promocio-2017\/visita-al-museu-abello\/","title":{"rendered":"Visita al Museu Abell\u00f3."},"content":{"rendered":"<p style=\"text-align: justify;\">Els alumnes de Cicle Inicial estem treballant a l&#8217;\u00e0rea de pl\u00e0stica un autor ben proper i conegut, Joan Abell\u00f3.<\/p>\n<p style=\"text-align: justify;\">Per tal d&#8217;aprofundir i con\u00e8ixer amb m\u00e9s profunditat la seva obra i la traject\u00f2ria, hem anat al Museu Abell\u00f3 a Mollet. Acompanyats de la Mar, hem pogut veure els seus quadres, escultures i col\u00b7leccions ben diverses. Ens ha explicat les t\u00e8cniques que feia servir quan pintava i hem pogut posar en pr\u00e0ctica una d&#8217;elles, pintura amb pastels, en un taller que hem realitzat despr\u00e9s de la visita.<\/p>\n<p style=\"text-align: justify;\">Ens ha agradat molt i hem apr\u00e8s moltes coses interessants que desconeix\u00edem.<\/p>\n<p><img loading=\"lazy\" decoding=\"async\" class=\"aligncenter\" src=\"https:\/\/external-content.duckduckgo.com\/iu\/?u=https%3A%2F%2Ftse2.explicit.bing.net%2Fth%3Fid%3DOIP.bMOrujIJJwZKk0f-qzjn0wHaMm%26pid%3DApi&amp;f=1&amp;ipt=3fc95d33bcd2ba26ba8607490529fa40d1b68937c333e558d00f77ceb33b1d59&amp;ipo=images\" alt=\"Joan Abell\u00f3 i Prat (Espa\u00f1a, 1922-2008)\" width=\"128\" height=\"218\" \/><\/p>\n<p style=\"text-align: center;\"><a href=\"https:\/\/photos.app.goo.gl\/589xRwqrsR6DWetXA\">VEURE FOTOS<\/a><\/p>\n","protected":false},"excerpt":{"rendered":"<p>Els alumnes de Cicle Inicial estem treballant a l&#8217;\u00e0rea de pl\u00e0stica un autor ben proper i conegut, Joan Abell\u00f3. Per tal d&#8217;aprofundir i con\u00e8ixer amb m\u00e9s profunditat la seva obra i la traject\u00f2ria, hem anat al Museu Abell\u00f3 a Mollet. Acompanyats de la Mar, hem pogut veure els seus quadres, escultures i col\u00b7leccions ben diverses. [&hellip;]<\/p>\n","protected":false},"author":44,"featured_media":11319,"comment_status":"closed","ping_status":"closed","sticky":false,"template":"","format":"standard","meta":{"_bbp_topic_count":0,"_bbp_reply_count":0,"_bbp_total_topic_count":0,"_bbp_total_reply_count":0,"_bbp_voice_count":0,"_bbp_anonymous_reply_count":0,"_bbp_topic_count_hidden":0,"_bbp_reply_count_hidden":0,"_bbp_forum_subforum_count":0,"site-sidebar-layout":"default","site-content-layout":"","ast-site-content-layout":"default","site-content-style":"default","site-sidebar-style":"default","ast-global-header-display":"","ast-banner-title-visibility":"","ast-main-header-display":"","ast-hfb-above-header-display":"","ast-hfb-below-header-display":"","ast-hfb-mobile-header-display":"","site-post-title":"","ast-breadcrumbs-content":"","ast-featured-img":"","footer-sml-layout":"","theme-transparent-header-meta":"","adv-header-id-meta":"","stick-header-meta":"","header-above-stick-meta":"","header-main-stick-meta":"","header-below-stick-meta":"","astra-migrate-meta-layouts":"set","ast-page-background-enabled":"default","ast-page-background-meta":{"desktop":{"background-color":"var(--ast-global-color-4)","background-image":"","background-repeat":"repeat","background-position":"center center","background-size":"auto","background-attachment":"scroll","background-type":"","background-media":"","overlay-type":"","overlay-color":"","overlay-opacity":"","overlay-gradient":""},"tablet":{"background-color":"","background-image":"","background-repeat":"repeat","background-position":"center center","background-size":"auto","background-attachment":"scroll","background-type":"","background-media":"","overlay-type":"","overlay-color":"","overlay-opacity":"","overlay-gradient":""},"mobile":{"background-color":"","background-image":"","background-repeat":"repeat","background-position":"center center","background-size":"auto","background-attachment":"scroll","background-type":"","background-media":"","overlay-type":"","overlay-color":"","overlay-opacity":"","overlay-gradient":""}},"ast-content-background-meta":{"desktop":{"background-color":"var(--ast-global-color-5)","background-image":"","background-repeat":"repeat","background-position":"center center","background-size":"auto","background-attachment":"scroll","background-type":"","background-media":"","overlay-type":"","overlay-color":"","overlay-opacity":"","overlay-gradient":""},"tablet":{"background-color":"var(--ast-global-color-5)","background-image":"","background-repeat":"repeat","background-position":"center center","background-size":"auto","background-attachment":"scroll","background-type":"","background-media":"","overlay-type":"","overlay-color":"","overlay-opacity":"","overlay-gradient":""},"mobile":{"background-color":"var(--ast-global-color-5)","background-image":"","background-repeat":"repeat","background-position":"center center","background-size":"auto","background-attachment":"scroll","background-type":"","background-media":"","overlay-type":"","overlay-color":"","overlay-opacity":"","overlay-gradient":""}},"footnotes":""},"categories":[80,81],"tags":[],"class_list":["post-10476","post","type-post","status-publish","format-standard","has-post-thumbnail","hentry","category-promocio-2017","category-promocio-2018"],"post_mailing_queue_ids":[],"_links":{"self":[{"href":"https:\/\/agora.xtec.cat\/ceiplesmimoses\/wp-json\/wp\/v2\/posts\/10476","targetHints":{"allow":["GET"]}}],"collection":[{"href":"https:\/\/agora.xtec.cat\/ceiplesmimoses\/wp-json\/wp\/v2\/posts"}],"about":[{"href":"https:\/\/agora.xtec.cat\/ceiplesmimoses\/wp-json\/wp\/v2\/types\/post"}],"author":[{"embeddable":true,"href":"https:\/\/agora.xtec.cat\/ceiplesmimoses\/wp-json\/wp\/v2\/users\/44"}],"replies":[{"embeddable":true,"href":"https:\/\/agora.xtec.cat\/ceiplesmimoses\/wp-json\/wp\/v2\/comments?post=10476"}],"version-history":[{"count":3,"href":"https:\/\/agora.xtec.cat\/ceiplesmimoses\/wp-json\/wp\/v2\/posts\/10476\/revisions"}],"predecessor-version":[{"id":11320,"href":"https:\/\/agora.xtec.cat\/ceiplesmimoses\/wp-json\/wp\/v2\/posts\/10476\/revisions\/11320"}],"wp:featuredmedia":[{"embeddable":true,"href":"https:\/\/agora.xtec.cat\/ceiplesmimoses\/wp-json\/wp\/v2\/media\/11319"}],"wp:attachment":[{"href":"https:\/\/agora.xtec.cat\/ceiplesmimoses\/wp-json\/wp\/v2\/media?parent=10476"}],"wp:term":[{"taxonomy":"category","embeddable":true,"href":"https:\/\/agora.xtec.cat\/ceiplesmimoses\/wp-json\/wp\/v2\/categories?post=10476"},{"taxonomy":"post_tag","embeddable":true,"href":"https:\/\/agora.xtec.cat\/ceiplesmimoses\/wp-json\/wp\/v2\/tags?post=10476"}],"curies":[{"name":"wp","href":"https:\/\/api.w.org\/{rel}","templated":true}]}}