{"id":10430,"date":"2025-01-12T09:44:00","date_gmt":"2025-01-12T08:44:00","guid":{"rendered":"https:\/\/agora.xtec.cat\/ceiplesmimoses\/?p=10430"},"modified":"2026-01-20T16:21:30","modified_gmt":"2026-01-20T15:21:30","slug":"projecte-dels-sentits-xerrada-de-loptometrista-angels-ferrero","status":"publish","type":"post","link":"https:\/\/agora.xtec.cat\/ceiplesmimoses\/blogs-d-aula\/primaria\/promocio-2017\/projecte-dels-sentits-xerrada-de-loptometrista-angels-ferrero\/","title":{"rendered":"Projecte dels sentits: Xerrada de l&#8217;optometrista \u00c0ngels Ferrero"},"content":{"rendered":"<p style=\"text-align: justify;\" data-pm-slice=\"1 1 []\">Dijous 9 de gener vam gaudir d&#8217;una xerrada a c\u00e0rrec de l&#8217;optometrista \u00c0ngels Ferrero, antiga mare de l&#8217;escola.<\/p>\n<p style=\"text-align: justify;\">L&#8217;\u00c0ngels ens va explicar molt\u00edssimes coses que desconeix\u00edem del sentit de la vista i dels seus \u00f2rgans: els ulls. Les seves parts i per a qu\u00e8 serveixen, com hem de tenir-ne cura, quins s\u00f3n els professionals que ens poden ajudar a detectar alguna problem\u00e0tica i a ajudar a posar-hi soluci\u00f3, i algunes de les malalties que podr\u00edem patir.<\/p>\n<p style=\"text-align: justify;\">Vam aprendre molt i vam poder fer moltes preguntes per resoldre dubtes que se&#8217;ns van presentar.<\/p>\n<p style=\"text-align: justify;\">Des de l&#8217;escola i, especialment els alumnes de Cicle Inicial, volem agrair a l&#8217;\u00c0ngels l&#8217;estona que ens va dedicar i tot el que vam aprendre de la seva explicaci\u00f3.<\/p>\n<p><img loading=\"lazy\" decoding=\"async\" class=\"aligncenter\" src=\"https:\/\/external-content.duckduckgo.com\/iu\/?u=https%3A%2F%2Ftse3.mm.bing.net%2Fth%3Fid%3DOIP.1VyBsgxzXPDILcfaM1DujQHaDj%26pid%3DApi&amp;f=1&amp;ipt=6a6a865c1dead5acf80e3af2348fe2e2b45a85f6fc5967a6c20b095629cd5db1&amp;ipo=images\" alt=\"Els sentits - Mind Map\" width=\"338\" height=\"162\" \/><\/p>\n<p style=\"text-align: center;\"><a href=\"https:\/\/photos.app.goo.gl\/AowrhgX4KwghoxqQ9\">VEURE FOTOS<\/a><\/p>\n","protected":false},"excerpt":{"rendered":"<p>Dijous 9 de gener vam gaudir d&#8217;una xerrada a c\u00e0rrec de l&#8217;optometrista \u00c0ngels Ferrero, antiga mare de l&#8217;escola. L&#8217;\u00c0ngels ens va explicar molt\u00edssimes coses que desconeix\u00edem del sentit de la vista i dels seus \u00f2rgans: els ulls. Les seves parts i per a qu\u00e8 serveixen, com hem de tenir-ne cura, quins s\u00f3n els professionals que [&hellip;]<\/p>\n","protected":false},"author":44,"featured_media":11327,"comment_status":"closed","ping_status":"closed","sticky":false,"template":"","format":"standard","meta":{"_bbp_topic_count":0,"_bbp_reply_count":0,"_bbp_total_topic_count":0,"_bbp_total_reply_count":0,"_bbp_voice_count":0,"_bbp_anonymous_reply_count":0,"_bbp_topic_count_hidden":0,"_bbp_reply_count_hidden":0,"_bbp_forum_subforum_count":0,"site-sidebar-layout":"default","site-content-layout":"","ast-site-content-layout":"default","site-content-style":"default","site-sidebar-style":"default","ast-global-header-display":"","ast-banner-title-visibility":"","ast-main-header-display":"","ast-hfb-above-header-display":"","ast-hfb-below-header-display":"","ast-hfb-mobile-header-display":"","site-post-title":"","ast-breadcrumbs-content":"","ast-featured-img":"","footer-sml-layout":"","theme-transparent-header-meta":"","adv-header-id-meta":"","stick-header-meta":"","header-above-stick-meta":"","header-main-stick-meta":"","header-below-stick-meta":"","astra-migrate-meta-layouts":"set","ast-page-background-enabled":"default","ast-page-background-meta":{"desktop":{"background-color":"var(--ast-global-color-4)","background-image":"","background-repeat":"repeat","background-position":"center center","background-size":"auto","background-attachment":"scroll","background-type":"","background-media":"","overlay-type":"","overlay-color":"","overlay-opacity":"","overlay-gradient":""},"tablet":{"background-color":"","background-image":"","background-repeat":"repeat","background-position":"center center","background-size":"auto","background-attachment":"scroll","background-type":"","background-media":"","overlay-type":"","overlay-color":"","overlay-opacity":"","overlay-gradient":""},"mobile":{"background-color":"","background-image":"","background-repeat":"repeat","background-position":"center center","background-size":"auto","background-attachment":"scroll","background-type":"","background-media":"","overlay-type":"","overlay-color":"","overlay-opacity":"","overlay-gradient":""}},"ast-content-background-meta":{"desktop":{"background-color":"var(--ast-global-color-5)","background-image":"","background-repeat":"repeat","background-position":"center center","background-size":"auto","background-attachment":"scroll","background-type":"","background-media":"","overlay-type":"","overlay-color":"","overlay-opacity":"","overlay-gradient":""},"tablet":{"background-color":"var(--ast-global-color-5)","background-image":"","background-repeat":"repeat","background-position":"center center","background-size":"auto","background-attachment":"scroll","background-type":"","background-media":"","overlay-type":"","overlay-color":"","overlay-opacity":"","overlay-gradient":""},"mobile":{"background-color":"var(--ast-global-color-5)","background-image":"","background-repeat":"repeat","background-position":"center center","background-size":"auto","background-attachment":"scroll","background-type":"","background-media":"","overlay-type":"","overlay-color":"","overlay-opacity":"","overlay-gradient":""}},"footnotes":""},"categories":[80,81],"tags":[],"class_list":["post-10430","post","type-post","status-publish","format-standard","has-post-thumbnail","hentry","category-promocio-2017","category-promocio-2018"],"post_mailing_queue_ids":[],"_links":{"self":[{"href":"https:\/\/agora.xtec.cat\/ceiplesmimoses\/wp-json\/wp\/v2\/posts\/10430","targetHints":{"allow":["GET"]}}],"collection":[{"href":"https:\/\/agora.xtec.cat\/ceiplesmimoses\/wp-json\/wp\/v2\/posts"}],"about":[{"href":"https:\/\/agora.xtec.cat\/ceiplesmimoses\/wp-json\/wp\/v2\/types\/post"}],"author":[{"embeddable":true,"href":"https:\/\/agora.xtec.cat\/ceiplesmimoses\/wp-json\/wp\/v2\/users\/44"}],"replies":[{"embeddable":true,"href":"https:\/\/agora.xtec.cat\/ceiplesmimoses\/wp-json\/wp\/v2\/comments?post=10430"}],"version-history":[{"count":4,"href":"https:\/\/agora.xtec.cat\/ceiplesmimoses\/wp-json\/wp\/v2\/posts\/10430\/revisions"}],"predecessor-version":[{"id":11328,"href":"https:\/\/agora.xtec.cat\/ceiplesmimoses\/wp-json\/wp\/v2\/posts\/10430\/revisions\/11328"}],"wp:featuredmedia":[{"embeddable":true,"href":"https:\/\/agora.xtec.cat\/ceiplesmimoses\/wp-json\/wp\/v2\/media\/11327"}],"wp:attachment":[{"href":"https:\/\/agora.xtec.cat\/ceiplesmimoses\/wp-json\/wp\/v2\/media?parent=10430"}],"wp:term":[{"taxonomy":"category","embeddable":true,"href":"https:\/\/agora.xtec.cat\/ceiplesmimoses\/wp-json\/wp\/v2\/categories?post=10430"},{"taxonomy":"post_tag","embeddable":true,"href":"https:\/\/agora.xtec.cat\/ceiplesmimoses\/wp-json\/wp\/v2\/tags?post=10430"}],"curies":[{"name":"wp","href":"https:\/\/api.w.org\/{rel}","templated":true}]}}