{"id":10411,"date":"2024-12-16T15:20:20","date_gmt":"2024-12-16T14:20:20","guid":{"rendered":"https:\/\/agora.xtec.cat\/ceiplesmimoses\/?p=10411"},"modified":"2026-01-19T12:45:06","modified_gmt":"2026-01-19T11:45:06","slug":"concert-de-nadal-2024-2","status":"publish","type":"post","link":"https:\/\/agora.xtec.cat\/ceiplesmimoses\/portada\/concert-de-nadal-2024-2\/","title":{"rendered":"Concert de Nadal 2024"},"content":{"rendered":"<p style=\"text-align: justify;\">El passat <strong>divendres 13 de desembre<\/strong> a l&#8217;escola es va dur a terme el concert de nadales. Una bona estona que vam gaudir amb les fam\u00edlies del centre.<\/p>\n<p style=\"text-align: justify;\">Un cop acabat el concert, l&#8217;AFA va allargar la festa amb una <strong>xocolatada<\/strong> per tots els assistents i <strong>diversos jocs<\/strong> que van fer gaudir d&#8217;all\u00f2 m\u00e9s als infants.<\/p>\n<p>En uns dies omplirem una miqueta m\u00e9s aquest banc d&#8217;imatges i v\u00eddeos, per\u00f2 de moment, ja podeu veure&#8217;n una avan\u00e7ada.<\/p>\n<p style=\"text-align: center;\"><a href=\"https:\/\/agora.xtec.cat\/ceiplesmimoses\/wp-content\/uploads\/usu1435\/2024\/12\/Concert-Nadal-2024.jpg\"><img loading=\"lazy\" decoding=\"async\" class=\"aligncenter wp-image-10412\" src=\"https:\/\/agora.xtec.cat\/ceiplesmimoses\/wp-content\/uploads\/usu1435\/2024\/12\/Concert-Nadal-2024-1024x819.jpg\" alt=\"\" width=\"699\" height=\"559\" srcset=\"https:\/\/agora.xtec.cat\/ceiplesmimoses\/wp-content\/uploads\/usu1435\/2024\/12\/Concert-Nadal-2024-1024x819.jpg 1024w, https:\/\/agora.xtec.cat\/ceiplesmimoses\/wp-content\/uploads\/usu1435\/2024\/12\/Concert-Nadal-2024-300x240.jpg 300w, https:\/\/agora.xtec.cat\/ceiplesmimoses\/wp-content\/uploads\/usu1435\/2024\/12\/Concert-Nadal-2024-768x614.jpg 768w, https:\/\/agora.xtec.cat\/ceiplesmimoses\/wp-content\/uploads\/usu1435\/2024\/12\/Concert-Nadal-2024-1536x1229.jpg 1536w, https:\/\/agora.xtec.cat\/ceiplesmimoses\/wp-content\/uploads\/usu1435\/2024\/12\/Concert-Nadal-2024.jpg 2000w\" sizes=\"auto, (max-width: 699px) 100vw, 699px\" \/><\/a><\/p>\n<p style=\"text-align: center;\"><a href=\"https:\/\/photos.app.goo.gl\/tM71C3RpBLZUFsWc6\">VEURE M\u00c9S IMATGES<\/a><\/p>\n","protected":false},"excerpt":{"rendered":"<p>El passat divendres 13 de desembre a l&#8217;escola es va dur a terme el concert de nadales. Una bona estona que vam gaudir amb les fam\u00edlies del centre. Un cop acabat el concert, l&#8217;AFA va allargar la festa amb una xocolatada per tots els assistents i diversos jocs que van fer gaudir d&#8217;all\u00f2 m\u00e9s als [&hellip;]<\/p>\n","protected":false},"author":1,"featured_media":10412,"comment_status":"open","ping_status":"closed","sticky":true,"template":"","format":"standard","meta":{"_bbp_topic_count":0,"_bbp_reply_count":0,"_bbp_total_topic_count":0,"_bbp_total_reply_count":0,"_bbp_voice_count":0,"_bbp_anonymous_reply_count":0,"_bbp_topic_count_hidden":0,"_bbp_reply_count_hidden":0,"_bbp_forum_subforum_count":0,"site-sidebar-layout":"default","site-content-layout":"","ast-site-content-layout":"default","site-content-style":"default","site-sidebar-style":"default","ast-global-header-display":"","ast-banner-title-visibility":"","ast-main-header-display":"","ast-hfb-above-header-display":"","ast-hfb-below-header-display":"","ast-hfb-mobile-header-display":"","site-post-title":"","ast-breadcrumbs-content":"","ast-featured-img":"","footer-sml-layout":"","theme-transparent-header-meta":"","adv-header-id-meta":"","stick-header-meta":"","header-above-stick-meta":"","header-main-stick-meta":"","header-below-stick-meta":"","astra-migrate-meta-layouts":"set","ast-page-background-enabled":"default","ast-page-background-meta":{"desktop":{"background-color":"var(--ast-global-color-4)","background-image":"","background-repeat":"repeat","background-position":"center center","background-size":"auto","background-attachment":"scroll","background-type":"","background-media":"","overlay-type":"","overlay-color":"","overlay-opacity":"","overlay-gradient":""},"tablet":{"background-color":"","background-image":"","background-repeat":"repeat","background-position":"center center","background-size":"auto","background-attachment":"scroll","background-type":"","background-media":"","overlay-type":"","overlay-color":"","overlay-opacity":"","overlay-gradient":""},"mobile":{"background-color":"","background-image":"","background-repeat":"repeat","background-position":"center center","background-size":"auto","background-attachment":"scroll","background-type":"","background-media":"","overlay-type":"","overlay-color":"","overlay-opacity":"","overlay-gradient":""}},"ast-content-background-meta":{"desktop":{"background-color":"var(--ast-global-color-5)","background-image":"","background-repeat":"repeat","background-position":"center center","background-size":"auto","background-attachment":"scroll","background-type":"","background-media":"","overlay-type":"","overlay-color":"","overlay-opacity":"","overlay-gradient":""},"tablet":{"background-color":"var(--ast-global-color-5)","background-image":"","background-repeat":"repeat","background-position":"center center","background-size":"auto","background-attachment":"scroll","background-type":"","background-media":"","overlay-type":"","overlay-color":"","overlay-opacity":"","overlay-gradient":""},"mobile":{"background-color":"var(--ast-global-color-5)","background-image":"","background-repeat":"repeat","background-position":"center center","background-size":"auto","background-attachment":"scroll","background-type":"","background-media":"","overlay-type":"","overlay-color":"","overlay-opacity":"","overlay-gradient":""}},"footnotes":""},"categories":[4],"tags":[],"class_list":["post-10411","post","type-post","status-publish","format-standard","has-post-thumbnail","hentry","category-portada"],"post_mailing_queue_ids":[],"_links":{"self":[{"href":"https:\/\/agora.xtec.cat\/ceiplesmimoses\/wp-json\/wp\/v2\/posts\/10411","targetHints":{"allow":["GET"]}}],"collection":[{"href":"https:\/\/agora.xtec.cat\/ceiplesmimoses\/wp-json\/wp\/v2\/posts"}],"about":[{"href":"https:\/\/agora.xtec.cat\/ceiplesmimoses\/wp-json\/wp\/v2\/types\/post"}],"author":[{"embeddable":true,"href":"https:\/\/agora.xtec.cat\/ceiplesmimoses\/wp-json\/wp\/v2\/users\/1"}],"replies":[{"embeddable":true,"href":"https:\/\/agora.xtec.cat\/ceiplesmimoses\/wp-json\/wp\/v2\/comments?post=10411"}],"version-history":[{"count":3,"href":"https:\/\/agora.xtec.cat\/ceiplesmimoses\/wp-json\/wp\/v2\/posts\/10411\/revisions"}],"predecessor-version":[{"id":11100,"href":"https:\/\/agora.xtec.cat\/ceiplesmimoses\/wp-json\/wp\/v2\/posts\/10411\/revisions\/11100"}],"wp:featuredmedia":[{"embeddable":true,"href":"https:\/\/agora.xtec.cat\/ceiplesmimoses\/wp-json\/wp\/v2\/media\/10412"}],"wp:attachment":[{"href":"https:\/\/agora.xtec.cat\/ceiplesmimoses\/wp-json\/wp\/v2\/media?parent=10411"}],"wp:term":[{"taxonomy":"category","embeddable":true,"href":"https:\/\/agora.xtec.cat\/ceiplesmimoses\/wp-json\/wp\/v2\/categories?post=10411"},{"taxonomy":"post_tag","embeddable":true,"href":"https:\/\/agora.xtec.cat\/ceiplesmimoses\/wp-json\/wp\/v2\/tags?post=10411"}],"curies":[{"name":"wp","href":"https:\/\/api.w.org\/{rel}","templated":true}]}}