{"id":960,"date":"2026-02-09T06:41:42","date_gmt":"2026-02-09T05:41:42","guid":{"rendered":"https:\/\/agora.xtec.cat\/ceiplesfonts\/?p=960"},"modified":"2026-02-09T10:23:02","modified_gmt":"2026-02-09T09:23:02","slug":"siei-aula-alegria","status":"publish","type":"post","link":"https:\/\/agora.xtec.cat\/ceiplesfonts\/aula-alegria-siei\/siei-aula-alegria\/","title":{"rendered":"SIEI Plus (AULA ALEGRIA)"},"content":{"rendered":"<p><span style=\"font-weight: 400;\">El <strong>SIEI<\/strong> (Servei d&#8217;Intervenci\u00f3 Educativa Intensiva) se suma als suports universals per la inclusi\u00f3 al centre dels nostres alumnes amb NEE. Pretenem fomentar l\u2019autonomia i les habilitats socials, treballant amb les adaptacions necess\u00e0ries perqu\u00e8 siguin aprenentatges significatius i esdevingui una experi\u00e8ncia positiva per aquests alumnes. <\/span><\/p>\n<p><span style=\"font-weight: 400;\">A partir del curs 2025 2026,\u00a0 la nostra escola\u00a0 s&#8217;ha ampliat a SIEI Plus. El <strong>SIEI Plus<\/strong> proporciona m\u00e9s recursos, especialitzaci\u00f3 i atenci\u00f3 per alumnes amb dificultats, per\u00f2 amb una capacitat d&#8217;integraci\u00f3 i progressi\u00f3 m\u00e9s gran.<a href=\"https:\/\/agora.xtec.cat\/ceiplesfonts\/wp-content\/uploads\/usu2928\/2022\/02\/SIEI2.jpg\"><img loading=\"lazy\" decoding=\"async\" class=\"wp-image-1012 alignleft\" src=\"https:\/\/agora.xtec.cat\/ceiplesfonts\/wp-content\/uploads\/usu2928\/2022\/02\/SIEI2-1024x768.jpg\" alt=\"\" width=\"334\" height=\"250\" srcset=\"https:\/\/agora.xtec.cat\/ceiplesfonts\/wp-content\/uploads\/usu2928\/2022\/02\/SIEI2-1024x768.jpg 1024w, https:\/\/agora.xtec.cat\/ceiplesfonts\/wp-content\/uploads\/usu2928\/2022\/02\/SIEI2-300x225.jpg 300w, https:\/\/agora.xtec.cat\/ceiplesfonts\/wp-content\/uploads\/usu2928\/2022\/02\/SIEI2-768x576.jpg 768w, https:\/\/agora.xtec.cat\/ceiplesfonts\/wp-content\/uploads\/usu2928\/2022\/02\/SIEI2-1536x1152.jpg 1536w, https:\/\/agora.xtec.cat\/ceiplesfonts\/wp-content\/uploads\/usu2928\/2022\/02\/SIEI2-200x150.jpg 200w, https:\/\/agora.xtec.cat\/ceiplesfonts\/wp-content\/uploads\/usu2928\/2022\/02\/SIEI2.jpg 1555w\" sizes=\"auto, (max-width: 334px) 100vw, 334px\" \/><\/a><\/span><\/p>\n<p><span style=\"font-weight: 400;\">L\u2019<strong>Aula Alegria<\/strong> \u00e9s un espai de maduraci\u00f3 i creixement, un espai \u201camable\u201d on es trobin a gust, escoltats i recolzats.<\/span><\/p>\n<p><span style=\"font-weight: 400;\">Els alumnes tenen un horari de treball a l\u2019aula ordin\u00e0ria i a l\u2019aula Alegria (SIEI).<\/span><\/p>\n<p><span style=\"font-weight: 400;\">A l\u2019<strong>aula ordin\u00e0ria<\/strong> necessiten un acompanyament per part del tutor del grup-classe i del tutor o educador SIEI.<\/span><\/p>\n<p><a href=\"https:\/\/agora.xtec.cat\/ceiplesfonts\/wp-content\/uploads\/usu2928\/2022\/02\/SIEI3.jpg\"><img loading=\"lazy\" decoding=\"async\" class=\"wp-image-1014 alignright\" src=\"https:\/\/agora.xtec.cat\/ceiplesfonts\/wp-content\/uploads\/usu2928\/2022\/02\/SIEI3-1024x682.jpg\" alt=\"\" width=\"404\" height=\"269\" srcset=\"https:\/\/agora.xtec.cat\/ceiplesfonts\/wp-content\/uploads\/usu2928\/2022\/02\/SIEI3-1024x682.jpg 1024w, https:\/\/agora.xtec.cat\/ceiplesfonts\/wp-content\/uploads\/usu2928\/2022\/02\/SIEI3-300x200.jpg 300w, https:\/\/agora.xtec.cat\/ceiplesfonts\/wp-content\/uploads\/usu2928\/2022\/02\/SIEI3-768x512.jpg 768w, https:\/\/agora.xtec.cat\/ceiplesfonts\/wp-content\/uploads\/usu2928\/2022\/02\/SIEI3-1536x1024.jpg 1536w, https:\/\/agora.xtec.cat\/ceiplesfonts\/wp-content\/uploads\/usu2928\/2022\/02\/SIEI3.jpg 1970w\" sizes=\"auto, (max-width: 404px) 100vw, 404px\" \/><\/a><\/p>\n<p>&nbsp;<\/p>\n<p><b>LES FUNCIONS DEL SIEI PLUS<\/b><\/p>\n<ul>\n<li style=\"font-weight: 400;\" aria-level=\"1\"><span style=\"font-weight: 400;\">Donar un suport presencial a l\u2019aula ordin\u00e0ria.<\/span><\/li>\n<li style=\"font-weight: 400;\" aria-level=\"1\"><span style=\"font-weight: 400;\">Atendre de manera personalitzada als alumnes a l\u2019espai SIEI (aula Alegria).<\/span><\/li>\n<li style=\"font-weight: 400;\" aria-level=\"1\"><span style=\"font-weight: 400;\">Elaborar conjuntament amb el professorat els Plans Individualitzats.<\/span><\/li>\n<li style=\"font-weight: 400;\" aria-level=\"1\"><span style=\"font-weight: 400;\">Adaptar i elaborar els materials.<\/span><\/li>\n<li style=\"font-weight: 400;\" aria-level=\"1\"><span style=\"font-weight: 400;\">Coordinar-nos amb les fam\u00edlies i els professionals externs i, si \u00e9s necessari amb el personal de menjador escolar.<\/span><\/li>\n<li style=\"font-weight: 400;\" aria-level=\"1\"><span style=\"font-weight: 400;\">Programar les activitats i acompanyar a les sortides.<\/span><\/li>\n<\/ul>\n","protected":false},"excerpt":{"rendered":"<p>El SIEI (Servei d&#8217;Intervenci\u00f3 Educativa Intensiva) se suma als suports universals per la inclusi\u00f3 al centre dels nostres alumnes amb NEE. Pretenem fomentar l\u2019autonomia i les habilitats socials, treballant amb les adaptacions necess\u00e0ries perqu\u00e8 siguin aprenentatges significatius i esdevingui una experi\u00e8ncia positiva per aquests alumnes.&hellip;  <a href=\"https:\/\/agora.xtec.cat\/ceiplesfonts\/aula-alegria-siei\/siei-aula-alegria\/\" title=\"Read SIEI Plus (AULA ALEGRIA)\">Llegeix m\u00e9s\u00bb<\/a><\/p>\n","protected":false},"author":1,"featured_media":0,"comment_status":"open","ping_status":"closed","sticky":false,"template":"","format":"standard","meta":{"_bbp_topic_count":0,"_bbp_reply_count":0,"_bbp_total_topic_count":0,"_bbp_total_reply_count":0,"_bbp_voice_count":0,"_bbp_anonymous_reply_count":0,"_bbp_topic_count_hidden":0,"_bbp_reply_count_hidden":0,"_bbp_forum_subforum_count":0,"footnotes":""},"categories":[72],"tags":[],"class_list":["post-960","post","type-post","status-publish","format-standard","hentry","category-aula-alegria-siei"],"post_mailing_queue_ids":[],"_links":{"self":[{"href":"https:\/\/agora.xtec.cat\/ceiplesfonts\/wp-json\/wp\/v2\/posts\/960","targetHints":{"allow":["GET"]}}],"collection":[{"href":"https:\/\/agora.xtec.cat\/ceiplesfonts\/wp-json\/wp\/v2\/posts"}],"about":[{"href":"https:\/\/agora.xtec.cat\/ceiplesfonts\/wp-json\/wp\/v2\/types\/post"}],"author":[{"embeddable":true,"href":"https:\/\/agora.xtec.cat\/ceiplesfonts\/wp-json\/wp\/v2\/users\/1"}],"replies":[{"embeddable":true,"href":"https:\/\/agora.xtec.cat\/ceiplesfonts\/wp-json\/wp\/v2\/comments?post=960"}],"version-history":[{"count":6,"href":"https:\/\/agora.xtec.cat\/ceiplesfonts\/wp-json\/wp\/v2\/posts\/960\/revisions"}],"predecessor-version":[{"id":3574,"href":"https:\/\/agora.xtec.cat\/ceiplesfonts\/wp-json\/wp\/v2\/posts\/960\/revisions\/3574"}],"wp:attachment":[{"href":"https:\/\/agora.xtec.cat\/ceiplesfonts\/wp-json\/wp\/v2\/media?parent=960"}],"wp:term":[{"taxonomy":"category","embeddable":true,"href":"https:\/\/agora.xtec.cat\/ceiplesfonts\/wp-json\/wp\/v2\/categories?post=960"},{"taxonomy":"post_tag","embeddable":true,"href":"https:\/\/agora.xtec.cat\/ceiplesfonts\/wp-json\/wp\/v2\/tags?post=960"}],"curies":[{"name":"wp","href":"https:\/\/api.w.org\/{rel}","templated":true}]}}