{"id":940,"date":"2022-02-11T16:26:27","date_gmt":"2022-02-11T15:26:27","guid":{"rendered":"https:\/\/agora.xtec.cat\/ceiplesfonts\/?p=940"},"modified":"2022-02-11T16:26:27","modified_gmt":"2022-02-11T15:26:27","slug":"p4-la-verema-a-can-xaragall","status":"publish","type":"post","link":"https:\/\/agora.xtec.cat\/ceiplesfonts\/primaria\/3\/p4-la-verema-a-can-xaragall\/","title":{"rendered":"P4. LA VEREMA A CAN XARAGALL"},"content":{"rendered":"<p>Les nenes i els nens de P4 i P5 hem anat a fer la verema a Can Xaragall (Llinars del Vall\u00e8s).<br \/>\nHem visitat les vinyes, hem tastat el ra\u00efm, l\u2019hem trepitjat i l\u2019hem posat a la premsa per fer el most.<br \/>\nPer acabar, hem anat a veure els animals de la granja.<br \/>\nL\u2019excursi\u00f3 ha estat molt completa, perqu\u00e8 despr\u00e9s de tot aix\u00f2 encara hem pogut jugar una bona estona.<br \/>\nEns ho hem passat molt b\u00e9!!!!<\/p>\n<p><iframe loading=\"lazy\" title=\"CAN XARAGALL  P4 A\" width=\"500\" height=\"375\" src=\"https:\/\/www.youtube.com\/embed\/xCu3t1a4XJg?feature=oembed\" frameborder=\"0\" allow=\"accelerometer; autoplay; clipboard-write; encrypted-media; gyroscope; picture-in-picture; web-share\" referrerpolicy=\"strict-origin-when-cross-origin\" allowfullscreen><\/iframe><\/p>\n<p><iframe loading=\"lazy\" title=\"P4 B  CAN XARAGALL\" width=\"500\" height=\"375\" src=\"https:\/\/www.youtube.com\/embed\/QXMTENnunyw?feature=oembed\" frameborder=\"0\" allow=\"accelerometer; autoplay; clipboard-write; encrypted-media; gyroscope; picture-in-picture; web-share\" referrerpolicy=\"strict-origin-when-cross-origin\" allowfullscreen><\/iframe><\/p>\n","protected":false},"excerpt":{"rendered":"<p>Les nenes i els nens de P4 i P5 hem anat a fer la verema a Can Xaragall (Llinars del Vall\u00e8s).<br \/>\nHem visitat les vinyes, hem tastat el ra\u00efm, l\u2019hem trepitjat i l\u2019hem posat a la premsa per fer el most.<br \/>\nPer acabar, hem anat a veure&hellip;  <a href=\"https:\/\/agora.xtec.cat\/ceiplesfonts\/primaria\/3\/p4-la-verema-a-can-xaragall\/\" title=\"Read P4. LA VEREMA A CAN XARAGALL\">Llegeix m\u00e9s\u00bb<\/a><\/p>\n","protected":false},"author":1,"featured_media":955,"comment_status":"open","ping_status":"closed","sticky":false,"template":"","format":"standard","meta":{"_bbp_topic_count":0,"_bbp_reply_count":0,"_bbp_total_topic_count":0,"_bbp_total_reply_count":0,"_bbp_voice_count":0,"_bbp_anonymous_reply_count":0,"_bbp_topic_count_hidden":0,"_bbp_reply_count_hidden":0,"_bbp_forum_subforum_count":0,"footnotes":""},"categories":[8],"tags":[65,16],"class_list":["post-940","post","type-post","status-publish","format-standard","has-post-thumbnail","hentry","category-8","tag-infantil","tag-sortides"],"post_mailing_queue_ids":[],"_links":{"self":[{"href":"https:\/\/agora.xtec.cat\/ceiplesfonts\/wp-json\/wp\/v2\/posts\/940","targetHints":{"allow":["GET"]}}],"collection":[{"href":"https:\/\/agora.xtec.cat\/ceiplesfonts\/wp-json\/wp\/v2\/posts"}],"about":[{"href":"https:\/\/agora.xtec.cat\/ceiplesfonts\/wp-json\/wp\/v2\/types\/post"}],"author":[{"embeddable":true,"href":"https:\/\/agora.xtec.cat\/ceiplesfonts\/wp-json\/wp\/v2\/users\/1"}],"replies":[{"embeddable":true,"href":"https:\/\/agora.xtec.cat\/ceiplesfonts\/wp-json\/wp\/v2\/comments?post=940"}],"version-history":[{"count":1,"href":"https:\/\/agora.xtec.cat\/ceiplesfonts\/wp-json\/wp\/v2\/posts\/940\/revisions"}],"predecessor-version":[{"id":943,"href":"https:\/\/agora.xtec.cat\/ceiplesfonts\/wp-json\/wp\/v2\/posts\/940\/revisions\/943"}],"wp:featuredmedia":[{"embeddable":true,"href":"https:\/\/agora.xtec.cat\/ceiplesfonts\/wp-json\/wp\/v2\/media\/955"}],"wp:attachment":[{"href":"https:\/\/agora.xtec.cat\/ceiplesfonts\/wp-json\/wp\/v2\/media?parent=940"}],"wp:term":[{"taxonomy":"category","embeddable":true,"href":"https:\/\/agora.xtec.cat\/ceiplesfonts\/wp-json\/wp\/v2\/categories?post=940"},{"taxonomy":"post_tag","embeddable":true,"href":"https:\/\/agora.xtec.cat\/ceiplesfonts\/wp-json\/wp\/v2\/tags?post=940"}],"curies":[{"name":"wp","href":"https:\/\/api.w.org\/{rel}","templated":true}]}}