{"id":910,"date":"2022-02-10T13:29:39","date_gmt":"2022-02-10T12:29:39","guid":{"rendered":"https:\/\/agora.xtec.cat\/ceiplesfonts\/?p=910"},"modified":"2022-02-13T11:27:04","modified_gmt":"2022-02-13T10:27:04","slug":"intercanvi-amb-ghana","status":"publish","type":"post","link":"https:\/\/agora.xtec.cat\/ceiplesfonts\/promocions\/promo22\/intercanvi-amb-ghana\/","title":{"rendered":"INTERCANVI AMB GHANA"},"content":{"rendered":"<p style=\"text-align: justify;\">Aquest curs els alumnes de 6\u00e8 fem un intercanvi de correspond\u00e8ncia en angl\u00e8s amb una altra escola. L\u2019altra escola \u00e9s la <strong>International Carolina School<\/strong> de <strong>Agona Swedru,<\/strong> a l\u2019oest d&#8217;\u00c0frica, concretament a <strong>Ghana.<\/strong> Al desembre cada alumne va enviar una carta en angl\u00e8s i ara hem rebut resposta dels seus alumnes.<\/p>\n<p style=\"text-align: justify;\">Amb aquest intercanvi volem con\u00e8ixer persones d\u2019altres parts del m\u00f3n i volem posar en pr\u00e0ctica l\u2019angl\u00e8s que hem apr\u00e8s per a comunicar-nos-hi.<\/p>\n<p style=\"text-align: justify;\"><a href=\"https:\/\/agora.xtec.cat\/ceiplesfonts\/wp-content\/uploads\/usu2928\/2022\/02\/GHANA-6e\u0300.jpeg\"><img loading=\"lazy\" decoding=\"async\" class=\"wp-image-963 alignleft\" src=\"https:\/\/agora.xtec.cat\/ceiplesfonts\/wp-content\/uploads\/usu2928\/2022\/02\/GHANA-6e\u0300-1024x668.jpeg\" alt=\"\" width=\"481\" height=\"314\" srcset=\"https:\/\/agora.xtec.cat\/ceiplesfonts\/wp-content\/uploads\/usu2928\/2022\/02\/GHANA-6e\u0300-1024x668.jpeg 1024w, https:\/\/agora.xtec.cat\/ceiplesfonts\/wp-content\/uploads\/usu2928\/2022\/02\/GHANA-6e\u0300-300x196.jpeg 300w, https:\/\/agora.xtec.cat\/ceiplesfonts\/wp-content\/uploads\/usu2928\/2022\/02\/GHANA-6e\u0300-768x501.jpeg 768w, https:\/\/agora.xtec.cat\/ceiplesfonts\/wp-content\/uploads\/usu2928\/2022\/02\/GHANA-6e\u0300-1536x1001.jpeg 1536w, https:\/\/agora.xtec.cat\/ceiplesfonts\/wp-content\/uploads\/usu2928\/2022\/02\/GHANA-6e\u0300.jpeg 1600w\" sizes=\"auto, (max-width: 481px) 100vw, 481px\" \/><\/a><\/p>\n<p style=\"text-align: justify;\">ENGLISH VERSION: This year our 6th graders are exchanging letters in English with another school. The other school is the International Carolina School in Agona Swedru, in Ghana, West Africa. In December each student sent a letter in English and they have just received letters from their students.<\/p>\n<p style=\"text-align: justify;\">With this exchange, we want to meet people from other parts of the world, and we want to c<span style=\"font-family: inherit; font-size: 1em;\">ommunicate with <\/span><span style=\"font-family: inherit; font-size: 1em;\">the English we have learned.<\/span><\/p>\n","protected":false},"excerpt":{"rendered":"<p>Aquest curs els alumnes de 6\u00e8 fem un intercanvi de correspond\u00e8ncia en angl\u00e8s amb una altra escola. L\u2019altra escola \u00e9s la International Carolina School de Agona Swedru, a l\u2019oest d&#8217;\u00c0frica, concretament a Ghana. Al desembre cada alumne va enviar una carta en angl\u00e8s i ara&hellip;  <a href=\"https:\/\/agora.xtec.cat\/ceiplesfonts\/promocions\/promo22\/intercanvi-amb-ghana\/\" title=\"Read INTERCANVI AMB GHANA\">Llegeix m\u00e9s\u00bb<\/a><\/p>\n","protected":false},"author":1,"featured_media":953,"comment_status":"open","ping_status":"closed","sticky":false,"template":"","format":"standard","meta":{"_bbp_topic_count":0,"_bbp_reply_count":0,"_bbp_total_topic_count":0,"_bbp_total_reply_count":0,"_bbp_voice_count":0,"_bbp_anonymous_reply_count":0,"_bbp_topic_count_hidden":0,"_bbp_reply_count_hidden":0,"_bbp_forum_subforum_count":0,"footnotes":""},"categories":[15],"tags":[68,64],"class_list":["post-910","post","type-post","status-publish","format-standard","has-post-thumbnail","hentry","category-promo22","tag-english","tag-primaria"],"post_mailing_queue_ids":[],"_links":{"self":[{"href":"https:\/\/agora.xtec.cat\/ceiplesfonts\/wp-json\/wp\/v2\/posts\/910","targetHints":{"allow":["GET"]}}],"collection":[{"href":"https:\/\/agora.xtec.cat\/ceiplesfonts\/wp-json\/wp\/v2\/posts"}],"about":[{"href":"https:\/\/agora.xtec.cat\/ceiplesfonts\/wp-json\/wp\/v2\/types\/post"}],"author":[{"embeddable":true,"href":"https:\/\/agora.xtec.cat\/ceiplesfonts\/wp-json\/wp\/v2\/users\/1"}],"replies":[{"embeddable":true,"href":"https:\/\/agora.xtec.cat\/ceiplesfonts\/wp-json\/wp\/v2\/comments?post=910"}],"version-history":[{"count":3,"href":"https:\/\/agora.xtec.cat\/ceiplesfonts\/wp-json\/wp\/v2\/posts\/910\/revisions"}],"predecessor-version":[{"id":970,"href":"https:\/\/agora.xtec.cat\/ceiplesfonts\/wp-json\/wp\/v2\/posts\/910\/revisions\/970"}],"wp:featuredmedia":[{"embeddable":true,"href":"https:\/\/agora.xtec.cat\/ceiplesfonts\/wp-json\/wp\/v2\/media\/953"}],"wp:attachment":[{"href":"https:\/\/agora.xtec.cat\/ceiplesfonts\/wp-json\/wp\/v2\/media?parent=910"}],"wp:term":[{"taxonomy":"category","embeddable":true,"href":"https:\/\/agora.xtec.cat\/ceiplesfonts\/wp-json\/wp\/v2\/categories?post=910"},{"taxonomy":"post_tag","embeddable":true,"href":"https:\/\/agora.xtec.cat\/ceiplesfonts\/wp-json\/wp\/v2\/tags?post=910"}],"curies":[{"name":"wp","href":"https:\/\/api.w.org\/{rel}","templated":true}]}}