{"id":552,"date":"2021-11-18T15:53:49","date_gmt":"2021-11-18T14:53:49","guid":{"rendered":"https:\/\/agora.xtec.cat\/ceiplesfonts\/?p=552"},"modified":"2022-01-21T15:54:51","modified_gmt":"2022-01-21T14:54:51","slug":"visitem-la-fundacio-mona","status":"publish","type":"post","link":"https:\/\/agora.xtec.cat\/ceiplesfonts\/primaria\/6\/visitem-la-fundacio-mona\/","title":{"rendered":"VISITEM LA FUNDACI\u00d3 MONA"},"content":{"rendered":"<p>El dijous 26 d\u2019octubre, els infants de 2n van visitar la Fundaci\u00f3 Mona, un centre de rehabilitzaci\u00f3 on es recuperen del maltractament ximpanz\u00e9s i macacos. L\u2019objectiu era fomentar en l\u2019alumnat els valors de respecte i empatia cap als animals i el medi natural. Va ser una experi\u00e8ncia \u00fanica!<br \/>\n<iframe loading=\"lazy\" width=\"560\" height=\"315\" src=\"https:\/\/www.youtube.com\/embed\/ooKDYT8GVIo\" title=\"YouTube video player\" frameborder=\"0\" allow=\"accelerometer; autoplay; clipboard-write; encrypted-media; gyroscope; picture-in-picture\" allowfullscreen><\/iframe><\/p>\n","protected":false},"excerpt":{"rendered":"<p>El dijous 26 d\u2019octubre, els infants de 2n van visitar la Fundaci\u00f3 Mona, un centre de rehabilitzaci\u00f3 on es recuperen del maltractament ximpanz\u00e9s i macacos. L\u2019objectiu era fomentar en l\u2019alumnat els valors de respecte i empatia cap als animals i el medi natural. Va ser&hellip;  <a href=\"https:\/\/agora.xtec.cat\/ceiplesfonts\/primaria\/6\/visitem-la-fundacio-mona\/\" title=\"Read VISITEM LA FUNDACI\u00d3 MONA\">Llegeix m\u00e9s\u00bb<\/a><\/p>\n","protected":false},"author":1,"featured_media":553,"comment_status":"open","ping_status":"closed","sticky":false,"template":"","format":"standard","meta":{"_bbp_topic_count":0,"_bbp_reply_count":0,"_bbp_total_topic_count":0,"_bbp_total_reply_count":0,"_bbp_voice_count":0,"_bbp_anonymous_reply_count":0,"_bbp_topic_count_hidden":0,"_bbp_reply_count_hidden":0,"_bbp_forum_subforum_count":0,"footnotes":""},"categories":[11],"tags":[],"class_list":["post-552","post","type-post","status-publish","format-standard","has-post-thumbnail","hentry","category-11"],"post_mailing_queue_ids":[],"_links":{"self":[{"href":"https:\/\/agora.xtec.cat\/ceiplesfonts\/wp-json\/wp\/v2\/posts\/552","targetHints":{"allow":["GET"]}}],"collection":[{"href":"https:\/\/agora.xtec.cat\/ceiplesfonts\/wp-json\/wp\/v2\/posts"}],"about":[{"href":"https:\/\/agora.xtec.cat\/ceiplesfonts\/wp-json\/wp\/v2\/types\/post"}],"author":[{"embeddable":true,"href":"https:\/\/agora.xtec.cat\/ceiplesfonts\/wp-json\/wp\/v2\/users\/1"}],"replies":[{"embeddable":true,"href":"https:\/\/agora.xtec.cat\/ceiplesfonts\/wp-json\/wp\/v2\/comments?post=552"}],"version-history":[{"count":1,"href":"https:\/\/agora.xtec.cat\/ceiplesfonts\/wp-json\/wp\/v2\/posts\/552\/revisions"}],"predecessor-version":[{"id":554,"href":"https:\/\/agora.xtec.cat\/ceiplesfonts\/wp-json\/wp\/v2\/posts\/552\/revisions\/554"}],"wp:featuredmedia":[{"embeddable":true,"href":"https:\/\/agora.xtec.cat\/ceiplesfonts\/wp-json\/wp\/v2\/media\/553"}],"wp:attachment":[{"href":"https:\/\/agora.xtec.cat\/ceiplesfonts\/wp-json\/wp\/v2\/media?parent=552"}],"wp:term":[{"taxonomy":"category","embeddable":true,"href":"https:\/\/agora.xtec.cat\/ceiplesfonts\/wp-json\/wp\/v2\/categories?post=552"},{"taxonomy":"post_tag","embeddable":true,"href":"https:\/\/agora.xtec.cat\/ceiplesfonts\/wp-json\/wp\/v2\/tags?post=552"}],"curies":[{"name":"wp","href":"https:\/\/api.w.org\/{rel}","templated":true}]}}