{"id":3732,"date":"2026-04-13T16:49:26","date_gmt":"2026-04-13T14:49:26","guid":{"rendered":"https:\/\/agora.xtec.cat\/ceiplesfonts\/?p=3732"},"modified":"2026-04-13T16:50:07","modified_gmt":"2026-04-13T14:50:07","slug":"i5-protagonistes-2n-trimestre-25-26","status":"publish","type":"post","link":"https:\/\/agora.xtec.cat\/ceiplesfonts\/infantil\/infantil5\/i5-protagonistes-2n-trimestre-25-26\/","title":{"rendered":"I5 &#8211; PROTAGONISTES 2n TRIMESTRE 25-26"},"content":{"rendered":"<p>Benvolgudes fam\u00edlies d\u2019I5,<\/p>\n<p>Continuem amb els protagonistes de la setmana!!! En el seg\u00fcent v\u00eddeo us mostrem els nens i les nenes que han estat protagonistes durant el 2n trimestre, aix\u00ed com la trobada que vam fer amb les seves fam\u00edlies. Veureu que b\u00e9 ens ho vam passar!!!<\/p>\n<p><iframe loading=\"lazy\" title=\"PROTAGONISTES 2n trimestre I5 25 26\" width=\"500\" height=\"281\" src=\"https:\/\/www.youtube.com\/embed\/34Kf9RaUdgQ?feature=oembed\" frameborder=\"0\" allow=\"accelerometer; autoplay; clipboard-write; encrypted-media; gyroscope; picture-in-picture; web-share\" referrerpolicy=\"strict-origin-when-cross-origin\" allowfullscreen><\/iframe><\/p>\n<p>&nbsp;<\/p>\n","protected":false},"excerpt":{"rendered":"<p>Benvolgudes fam\u00edlies d\u2019I5,<br \/>\nContinuem amb els protagonistes de la setmana!!! En el seg\u00fcent v\u00eddeo us mostrem els nens i les nenes que han estat protagonistes durant el 2n trimestre, aix\u00ed com la trobada que vam fer amb les seves fam\u00edlies. Veureu que b\u00e9 ens ho vam&hellip;  <a href=\"https:\/\/agora.xtec.cat\/ceiplesfonts\/infantil\/infantil5\/i5-protagonistes-2n-trimestre-25-26\/\" title=\"Read I5 &#8211; PROTAGONISTES 2n TRIMESTRE 25-26\">Llegeix m\u00e9s\u00bb<\/a><\/p>\n","protected":false},"author":31,"featured_media":3738,"comment_status":"closed","ping_status":"open","sticky":false,"template":"","format":"standard","meta":{"_bbp_topic_count":0,"_bbp_reply_count":0,"_bbp_total_topic_count":0,"_bbp_total_reply_count":0,"_bbp_voice_count":0,"_bbp_anonymous_reply_count":0,"_bbp_topic_count_hidden":0,"_bbp_reply_count_hidden":0,"_bbp_forum_subforum_count":0,"footnotes":""},"categories":[96],"tags":[105,139,112,93,108,92],"class_list":["post-3732","post","type-post","status-publish","format-standard","has-post-thumbnail","hentry","category-infantil5","tag-argentona","tag-curs-25-26","tag-escola-les-fonts","tag-i5","tag-protagonistes-del-2n-trimestre","tag-trobada-protagonistes-i5"],"post_mailing_queue_ids":[],"_links":{"self":[{"href":"https:\/\/agora.xtec.cat\/ceiplesfonts\/wp-json\/wp\/v2\/posts\/3732","targetHints":{"allow":["GET"]}}],"collection":[{"href":"https:\/\/agora.xtec.cat\/ceiplesfonts\/wp-json\/wp\/v2\/posts"}],"about":[{"href":"https:\/\/agora.xtec.cat\/ceiplesfonts\/wp-json\/wp\/v2\/types\/post"}],"author":[{"embeddable":true,"href":"https:\/\/agora.xtec.cat\/ceiplesfonts\/wp-json\/wp\/v2\/users\/31"}],"replies":[{"embeddable":true,"href":"https:\/\/agora.xtec.cat\/ceiplesfonts\/wp-json\/wp\/v2\/comments?post=3732"}],"version-history":[{"count":4,"href":"https:\/\/agora.xtec.cat\/ceiplesfonts\/wp-json\/wp\/v2\/posts\/3732\/revisions"}],"predecessor-version":[{"id":3739,"href":"https:\/\/agora.xtec.cat\/ceiplesfonts\/wp-json\/wp\/v2\/posts\/3732\/revisions\/3739"}],"wp:featuredmedia":[{"embeddable":true,"href":"https:\/\/agora.xtec.cat\/ceiplesfonts\/wp-json\/wp\/v2\/media\/3738"}],"wp:attachment":[{"href":"https:\/\/agora.xtec.cat\/ceiplesfonts\/wp-json\/wp\/v2\/media?parent=3732"}],"wp:term":[{"taxonomy":"category","embeddable":true,"href":"https:\/\/agora.xtec.cat\/ceiplesfonts\/wp-json\/wp\/v2\/categories?post=3732"},{"taxonomy":"post_tag","embeddable":true,"href":"https:\/\/agora.xtec.cat\/ceiplesfonts\/wp-json\/wp\/v2\/tags?post=3732"}],"curies":[{"name":"wp","href":"https:\/\/api.w.org\/{rel}","templated":true}]}}