{"id":3723,"date":"2026-03-14T20:55:07","date_gmt":"2026-03-14T19:55:07","guid":{"rendered":"https:\/\/agora.xtec.cat\/ceiplesfonts\/?p=3723"},"modified":"2026-04-06T21:14:36","modified_gmt":"2026-04-06T19:14:36","slug":"assaig-general-amb-bernat-de-riudemeia","status":"publish","type":"post","link":"https:\/\/agora.xtec.cat\/ceiplesfonts\/general\/assaig-general-amb-bernat-de-riudemeia\/","title":{"rendered":"ASSAIG GENERAL AMB BERNAT DE RIUDEMEIA"},"content":{"rendered":"<p>El passat dijous 12 de mar\u00e7 els nens i nenes de 4t van realitzar un assaig conjunt amb els compays i companyes de 4t del Bernat de Riudemeia. Durant tot el mat\u00ed al gimn\u00e0s de l&#8217;escola van fer jocs, din\u00e0miques, escalfaments i un bon assaig per tal de preparar el gran concert El Dof\u00ed i la LLuna. Quines ganes! Sona molt bonic!<\/p>\n<p>Intepretaran conjuntament l&#8217;espectacle:<br \/>\n&#8211; El Dof\u00ed i la Lluna (cantata de Ferran Badal i Marta Canellas)<br \/>\n&#8211; Lloc: Teatre La Sala #Argentona<br \/>\n&#8211; Dijous 26 de mar\u00e7 17:15h<a href=\"https:\/\/agora.xtec.cat\/ceiplesfonts\/wp-content\/uploads\/usu2928\/2026\/04\/ASSAIG-CONJUNT-AMB-RIUDEMEIA.jpeg\"><img loading=\"lazy\" decoding=\"async\" class=\"aligncenter wp-image-3724 size-large\" src=\"https:\/\/agora.xtec.cat\/ceiplesfonts\/wp-content\/uploads\/usu2928\/2026\/04\/ASSAIG-CONJUNT-AMB-RIUDEMEIA-e1775502050591-772x1024.jpeg\" alt=\"\" width=\"772\" height=\"1024\" srcset=\"https:\/\/agora.xtec.cat\/ceiplesfonts\/wp-content\/uploads\/usu2928\/2026\/04\/ASSAIG-CONJUNT-AMB-RIUDEMEIA-e1775502050591-772x1024.jpeg 772w, https:\/\/agora.xtec.cat\/ceiplesfonts\/wp-content\/uploads\/usu2928\/2026\/04\/ASSAIG-CONJUNT-AMB-RIUDEMEIA-e1775502050591-226x300.jpeg 226w, https:\/\/agora.xtec.cat\/ceiplesfonts\/wp-content\/uploads\/usu2928\/2026\/04\/ASSAIG-CONJUNT-AMB-RIUDEMEIA-e1775502050591-768x1019.jpeg 768w, https:\/\/agora.xtec.cat\/ceiplesfonts\/wp-content\/uploads\/usu2928\/2026\/04\/ASSAIG-CONJUNT-AMB-RIUDEMEIA-e1775502050591-1158x1536.jpeg 1158w, https:\/\/agora.xtec.cat\/ceiplesfonts\/wp-content\/uploads\/usu2928\/2026\/04\/ASSAIG-CONJUNT-AMB-RIUDEMEIA-e1775502050591.jpeg 1536w\" sizes=\"auto, (max-width: 772px) 100vw, 772px\" \/><\/a><a href=\"https:\/\/agora.xtec.cat\/ceiplesfonts\/wp-content\/uploads\/usu2928\/2026\/04\/logos-4cordes.png\"><img loading=\"lazy\" decoding=\"async\" class=\"aligncenter size-large wp-image-3725\" src=\"https:\/\/agora.xtec.cat\/ceiplesfonts\/wp-content\/uploads\/usu2928\/2026\/04\/logos-4cordes-1024x116.png\" alt=\"\" width=\"1024\" height=\"116\" srcset=\"https:\/\/agora.xtec.cat\/ceiplesfonts\/wp-content\/uploads\/usu2928\/2026\/04\/logos-4cordes-1024x116.png 1024w, https:\/\/agora.xtec.cat\/ceiplesfonts\/wp-content\/uploads\/usu2928\/2026\/04\/logos-4cordes-300x34.png 300w, https:\/\/agora.xtec.cat\/ceiplesfonts\/wp-content\/uploads\/usu2928\/2026\/04\/logos-4cordes-768x87.png 768w, https:\/\/agora.xtec.cat\/ceiplesfonts\/wp-content\/uploads\/usu2928\/2026\/04\/logos-4cordes-1536x174.png 1536w, https:\/\/agora.xtec.cat\/ceiplesfonts\/wp-content\/uploads\/usu2928\/2026\/04\/logos-4cordes-2048x232.png 2048w\" sizes=\"auto, (max-width: 1024px) 100vw, 1024px\" \/><\/a><\/p>\n","protected":false},"excerpt":{"rendered":"<p>El passat dijous 12 de mar\u00e7 els nens i nenes de 4t van realitzar un assaig conjunt amb els compays i companyes de 4t del Bernat de Riudemeia. Durant tot el mat\u00ed al gimn\u00e0s de l&#8217;escola van fer jocs, din\u00e0miques, escalfaments i un bon assaig&hellip;  <a href=\"https:\/\/agora.xtec.cat\/ceiplesfonts\/general\/assaig-general-amb-bernat-de-riudemeia\/\" title=\"Read ASSAIG GENERAL AMB BERNAT DE RIUDEMEIA\">Llegeix m\u00e9s\u00bb<\/a><\/p>\n","protected":false},"author":1,"featured_media":3726,"comment_status":"closed","ping_status":"open","sticky":false,"template":"","format":"standard","meta":{"_bbp_topic_count":0,"_bbp_reply_count":0,"_bbp_total_topic_count":0,"_bbp_total_reply_count":0,"_bbp_voice_count":0,"_bbp_anonymous_reply_count":0,"_bbp_topic_count_hidden":0,"_bbp_reply_count_hidden":0,"_bbp_forum_subforum_count":0,"footnotes":""},"categories":[9,1],"tags":[],"class_list":["post-3723","post","type-post","status-publish","format-standard","has-post-thumbnail","hentry","category-9","category-general"],"post_mailing_queue_ids":[],"_links":{"self":[{"href":"https:\/\/agora.xtec.cat\/ceiplesfonts\/wp-json\/wp\/v2\/posts\/3723","targetHints":{"allow":["GET"]}}],"collection":[{"href":"https:\/\/agora.xtec.cat\/ceiplesfonts\/wp-json\/wp\/v2\/posts"}],"about":[{"href":"https:\/\/agora.xtec.cat\/ceiplesfonts\/wp-json\/wp\/v2\/types\/post"}],"author":[{"embeddable":true,"href":"https:\/\/agora.xtec.cat\/ceiplesfonts\/wp-json\/wp\/v2\/users\/1"}],"replies":[{"embeddable":true,"href":"https:\/\/agora.xtec.cat\/ceiplesfonts\/wp-json\/wp\/v2\/comments?post=3723"}],"version-history":[{"count":2,"href":"https:\/\/agora.xtec.cat\/ceiplesfonts\/wp-json\/wp\/v2\/posts\/3723\/revisions"}],"predecessor-version":[{"id":3728,"href":"https:\/\/agora.xtec.cat\/ceiplesfonts\/wp-json\/wp\/v2\/posts\/3723\/revisions\/3728"}],"wp:featuredmedia":[{"embeddable":true,"href":"https:\/\/agora.xtec.cat\/ceiplesfonts\/wp-json\/wp\/v2\/media\/3726"}],"wp:attachment":[{"href":"https:\/\/agora.xtec.cat\/ceiplesfonts\/wp-json\/wp\/v2\/media?parent=3723"}],"wp:term":[{"taxonomy":"category","embeddable":true,"href":"https:\/\/agora.xtec.cat\/ceiplesfonts\/wp-json\/wp\/v2\/categories?post=3723"},{"taxonomy":"post_tag","embeddable":true,"href":"https:\/\/agora.xtec.cat\/ceiplesfonts\/wp-json\/wp\/v2\/tags?post=3723"}],"curies":[{"name":"wp","href":"https:\/\/api.w.org\/{rel}","templated":true}]}}