{"id":3611,"date":"2026-02-18T08:16:33","date_gmt":"2026-02-18T07:16:33","guid":{"rendered":"https:\/\/agora.xtec.cat\/ceiplesfonts\/?p=3611"},"modified":"2026-03-02T10:32:24","modified_gmt":"2026-03-02T09:32:24","slug":"sortida-cosmocaixa","status":"publish","type":"post","link":"https:\/\/agora.xtec.cat\/ceiplesfonts\/infantil\/sortida-cosmocaixa\/","title":{"rendered":"SORTIDA COSMOCAIXA"},"content":{"rendered":"<p>\ud83c\udf3f Sortida al CosmoCaixa \u2013 I4<\/p>\n<p>El passat dimarts 3 de febrer, l\u2019alumnat d\u2019I4 vam anar d\u2019excursi\u00f3 al Museu CosmoCaixa amb autocar. Va ser un dia ple d\u2019emocions, descobertes i aprenentatges!<\/p>\n<p>En arribar, vam esmorzar per agafar forces i tot seguit unes monitores ens van fer una visita guiada pel Bosc Inundat, on vam poder observar de ben a prop animals, peixos i plantes d\u2019aquest ecosistema tan especial. Ens va encantar descobrir com viuen i conviuen en aquest entorn!<\/p>\n<p>Despr\u00e9s vam fer una volta pel museu, on vam explorar diferents espais i experimentar amb elements que ens despertaven la curiositat.<\/p>\n<p>A continuaci\u00f3, vam participar en el taller del Click, un espai pensat perqu\u00e8 els infants experimentin, construeixin i facin hip\u00f2tesis amb diferents propostes. Vam manipular materials diversos i vam investigar especialment amb l\u2019aigua: qu\u00e8 flota i qu\u00e8 s\u2019enfonsa, com es mou, qu\u00e8 passa si\u2026 Va ser una experi\u00e8ncia molt vivencial on vam observar, provar i comprovar com petits cient\u00edfics i cient\u00edfiques!<\/p>\n<p>Despr\u00e9s de tanta activitat, vam dinar i vam gaudir d\u2019una estona de joc lliure abans de tornar cap a l\u2019escola.<br \/>\nVa ser un dia molt enriquidor i ens ho vam passar genial! \u2728<a href=\"https:\/\/agora.xtec.cat\/ceiplesfonts\/wp-content\/uploads\/usu2928\/2026\/02\/COSMOCAIXA-ARTICLE.jpg\"><img loading=\"lazy\" decoding=\"async\" class=\"alignnone size-large wp-image-3612\" src=\"https:\/\/agora.xtec.cat\/ceiplesfonts\/wp-content\/uploads\/usu2928\/2026\/02\/COSMOCAIXA-ARTICLE-1024x819.jpg\" alt=\"\" width=\"1024\" height=\"819\" srcset=\"https:\/\/agora.xtec.cat\/ceiplesfonts\/wp-content\/uploads\/usu2928\/2026\/02\/COSMOCAIXA-ARTICLE-1024x819.jpg 1024w, https:\/\/agora.xtec.cat\/ceiplesfonts\/wp-content\/uploads\/usu2928\/2026\/02\/COSMOCAIXA-ARTICLE-300x240.jpg 300w, https:\/\/agora.xtec.cat\/ceiplesfonts\/wp-content\/uploads\/usu2928\/2026\/02\/COSMOCAIXA-ARTICLE-768x614.jpg 768w, https:\/\/agora.xtec.cat\/ceiplesfonts\/wp-content\/uploads\/usu2928\/2026\/02\/COSMOCAIXA-ARTICLE-1536x1229.jpg 1536w, https:\/\/agora.xtec.cat\/ceiplesfonts\/wp-content\/uploads\/usu2928\/2026\/02\/COSMOCAIXA-ARTICLE.jpg 2000w\" sizes=\"auto, (max-width: 1024px) 100vw, 1024px\" \/><\/a><\/p>\n","protected":false},"excerpt":{"rendered":"<p>\ud83c\udf3f Sortida al CosmoCaixa \u2013 I4<br \/>\nEl passat dimarts 3 de febrer, l\u2019alumnat d\u2019I4 vam anar d\u2019excursi\u00f3 al Museu CosmoCaixa amb autocar. Va ser un dia ple d\u2019emocions, descobertes i aprenentatges!<br \/>\nEn arribar, vam esmorzar per agafar forces i tot seguit unes monitores ens van fer una&hellip;  <a href=\"https:\/\/agora.xtec.cat\/ceiplesfonts\/infantil\/sortida-cosmocaixa\/\" title=\"Read SORTIDA COSMOCAIXA\">Llegeix m\u00e9s\u00bb<\/a><\/p>\n","protected":false},"author":12,"featured_media":3612,"comment_status":"closed","ping_status":"open","sticky":false,"template":"","format":"standard","meta":{"_bbp_topic_count":0,"_bbp_reply_count":0,"_bbp_total_topic_count":0,"_bbp_total_reply_count":0,"_bbp_voice_count":0,"_bbp_anonymous_reply_count":0,"_bbp_topic_count_hidden":0,"_bbp_reply_count_hidden":0,"_bbp_forum_subforum_count":0,"footnotes":""},"categories":[114,2],"tags":[140,112,101,65],"class_list":["post-3611","post","type-post","status-publish","format-standard","has-post-thumbnail","hentry","category-infantil4","category-infantil","tag-cosmocaixa","tag-escola-les-fonts","tag-i4","tag-infantil"],"post_mailing_queue_ids":[],"_links":{"self":[{"href":"https:\/\/agora.xtec.cat\/ceiplesfonts\/wp-json\/wp\/v2\/posts\/3611","targetHints":{"allow":["GET"]}}],"collection":[{"href":"https:\/\/agora.xtec.cat\/ceiplesfonts\/wp-json\/wp\/v2\/posts"}],"about":[{"href":"https:\/\/agora.xtec.cat\/ceiplesfonts\/wp-json\/wp\/v2\/types\/post"}],"author":[{"embeddable":true,"href":"https:\/\/agora.xtec.cat\/ceiplesfonts\/wp-json\/wp\/v2\/users\/12"}],"replies":[{"embeddable":true,"href":"https:\/\/agora.xtec.cat\/ceiplesfonts\/wp-json\/wp\/v2\/comments?post=3611"}],"version-history":[{"count":1,"href":"https:\/\/agora.xtec.cat\/ceiplesfonts\/wp-json\/wp\/v2\/posts\/3611\/revisions"}],"predecessor-version":[{"id":3613,"href":"https:\/\/agora.xtec.cat\/ceiplesfonts\/wp-json\/wp\/v2\/posts\/3611\/revisions\/3613"}],"wp:featuredmedia":[{"embeddable":true,"href":"https:\/\/agora.xtec.cat\/ceiplesfonts\/wp-json\/wp\/v2\/media\/3612"}],"wp:attachment":[{"href":"https:\/\/agora.xtec.cat\/ceiplesfonts\/wp-json\/wp\/v2\/media?parent=3611"}],"wp:term":[{"taxonomy":"category","embeddable":true,"href":"https:\/\/agora.xtec.cat\/ceiplesfonts\/wp-json\/wp\/v2\/categories?post=3611"},{"taxonomy":"post_tag","embeddable":true,"href":"https:\/\/agora.xtec.cat\/ceiplesfonts\/wp-json\/wp\/v2\/tags?post=3611"}],"curies":[{"name":"wp","href":"https:\/\/api.w.org\/{rel}","templated":true}]}}