{"id":3609,"date":"2026-02-22T18:39:47","date_gmt":"2026-02-22T17:39:47","guid":{"rendered":"https:\/\/agora.xtec.cat\/ceiplesfonts\/?p=3609"},"modified":"2026-02-22T18:41:53","modified_gmt":"2026-02-22T17:41:53","slug":"carnestoltes-2026","status":"publish","type":"post","link":"https:\/\/agora.xtec.cat\/ceiplesfonts\/general\/carnestoltes-2026\/","title":{"rendered":"CARNESTOLTES 2026"},"content":{"rendered":"<p>Ha tornat el Carnaval a l&#8217;escola! <strong>Sa Majestat el Rei Carnestoltes<\/strong> ha portat el desgavell i la disbauxa. Hem tingut tallers, consignes divertides, disfresses, concurs de m\u00e0scares de Cicle Superior, el gran Preg\u00f3 protagonitzat per l&#8217;alumnat de 5\u00e8, desfilades, ballarugues i diversi\u00f3. Per\u00f2 tot t\u00e9 un principi i un final: Dimecres de Cendra acaba tota la festa amb l&#8217;arribada de la <strong>Vella Quaresma<\/strong>. No us perdeu els millors moments en aquests v\u00eddeos resum:<\/p>\n<p><iframe loading=\"lazy\" title=\"YouTube video player\" src=\"https:\/\/www.youtube.com\/embed\/9SikrRraI10?si=XLfivfsBW-tgnFuD\" width=\"560\" height=\"315\" frameborder=\"0\" allowfullscreen=\"allowfullscreen\"><\/iframe><br \/>\n<iframe loading=\"lazy\" width=\"560\" height=\"315\" src=\"https:\/\/www.youtube.com\/embed\/-cjRSgVMVX8?si=m_5rFQvrC_Ax5QF3\" title=\"YouTube video player\" frameborder=\"0\" allow=\"accelerometer; autoplay; clipboard-write; encrypted-media; gyroscope; picture-in-picture; web-share\" referrerpolicy=\"strict-origin-when-cross-origin\" allowfullscreen><\/iframe><br \/>\n<iframe loading=\"lazy\" width=\"560\" height=\"315\" src=\"https:\/\/www.youtube.com\/embed\/d3BNnuas5xQ?si=3j1xYFVo20YQ4fLO\" title=\"YouTube video player\" frameborder=\"0\" allow=\"accelerometer; autoplay; clipboard-write; encrypted-media; gyroscope; picture-in-picture; web-share\" referrerpolicy=\"strict-origin-when-cross-origin\" allowfullscreen><\/iframe> <\/p>\n","protected":false},"excerpt":{"rendered":"<p>Ha tornat el Carnaval a l&#8217;escola! Sa Majestat el Rei Carnestoltes ha portat el desgavell i la disbauxa. Hem tingut tallers, consignes divertides, disfresses, concurs de m\u00e0scares de Cicle Superior, el gran Preg\u00f3 protagonitzat per l&#8217;alumnat de 5\u00e8, desfilades, ballarugues i diversi\u00f3. Per\u00f2 tot t\u00e9&hellip;  <a href=\"https:\/\/agora.xtec.cat\/ceiplesfonts\/general\/carnestoltes-2026\/\" title=\"Read CARNESTOLTES 2026\">Llegeix m\u00e9s\u00bb<\/a><\/p>\n","protected":false},"author":1,"featured_media":3623,"comment_status":"closed","ping_status":"open","sticky":false,"template":"","format":"standard","meta":{"_bbp_topic_count":0,"_bbp_reply_count":0,"_bbp_total_topic_count":0,"_bbp_total_reply_count":0,"_bbp_voice_count":0,"_bbp_anonymous_reply_count":0,"_bbp_topic_count_hidden":0,"_bbp_reply_count_hidden":0,"_bbp_forum_subforum_count":0,"footnotes":""},"categories":[10,11,1,4],"tags":[],"class_list":["post-3609","post","type-post","status-publish","format-standard","has-post-thumbnail","hentry","category-10","category-11","category-general","category-portada"],"post_mailing_queue_ids":[],"_links":{"self":[{"href":"https:\/\/agora.xtec.cat\/ceiplesfonts\/wp-json\/wp\/v2\/posts\/3609","targetHints":{"allow":["GET"]}}],"collection":[{"href":"https:\/\/agora.xtec.cat\/ceiplesfonts\/wp-json\/wp\/v2\/posts"}],"about":[{"href":"https:\/\/agora.xtec.cat\/ceiplesfonts\/wp-json\/wp\/v2\/types\/post"}],"author":[{"embeddable":true,"href":"https:\/\/agora.xtec.cat\/ceiplesfonts\/wp-json\/wp\/v2\/users\/1"}],"replies":[{"embeddable":true,"href":"https:\/\/agora.xtec.cat\/ceiplesfonts\/wp-json\/wp\/v2\/comments?post=3609"}],"version-history":[{"count":4,"href":"https:\/\/agora.xtec.cat\/ceiplesfonts\/wp-json\/wp\/v2\/posts\/3609\/revisions"}],"predecessor-version":[{"id":3625,"href":"https:\/\/agora.xtec.cat\/ceiplesfonts\/wp-json\/wp\/v2\/posts\/3609\/revisions\/3625"}],"wp:featuredmedia":[{"embeddable":true,"href":"https:\/\/agora.xtec.cat\/ceiplesfonts\/wp-json\/wp\/v2\/media\/3623"}],"wp:attachment":[{"href":"https:\/\/agora.xtec.cat\/ceiplesfonts\/wp-json\/wp\/v2\/media?parent=3609"}],"wp:term":[{"taxonomy":"category","embeddable":true,"href":"https:\/\/agora.xtec.cat\/ceiplesfonts\/wp-json\/wp\/v2\/categories?post=3609"},{"taxonomy":"post_tag","embeddable":true,"href":"https:\/\/agora.xtec.cat\/ceiplesfonts\/wp-json\/wp\/v2\/tags?post=3609"}],"curies":[{"name":"wp","href":"https:\/\/api.w.org\/{rel}","templated":true}]}}