{"id":3597,"date":"2026-01-09T12:08:47","date_gmt":"2026-01-09T11:08:47","guid":{"rendered":"https:\/\/agora.xtec.cat\/ceiplesfonts\/?p=3597"},"modified":"2026-02-09T12:18:34","modified_gmt":"2026-02-09T11:18:34","slug":"segon-curs-de-4cordes","status":"publish","type":"post","link":"https:\/\/agora.xtec.cat\/ceiplesfonts\/general\/segon-curs-de-4cordes\/","title":{"rendered":"4CORDES A QUART"},"content":{"rendered":"<p><a href=\"https:\/\/agora.xtec.cat\/ceiplesfonts\/wp-content\/uploads\/usu2928\/2026\/02\/IMG-20251030-WA0016-scaled.jpg\"><img loading=\"lazy\" decoding=\"async\" class=\"wp-image-3598 alignleft\" src=\"https:\/\/agora.xtec.cat\/ceiplesfonts\/wp-content\/uploads\/usu2928\/2026\/02\/IMG-20251030-WA0016-819x1024.jpg\" alt=\"\" width=\"379\" height=\"474\" srcset=\"https:\/\/agora.xtec.cat\/ceiplesfonts\/wp-content\/uploads\/usu2928\/2026\/02\/IMG-20251030-WA0016-819x1024.jpg 819w, https:\/\/agora.xtec.cat\/ceiplesfonts\/wp-content\/uploads\/usu2928\/2026\/02\/IMG-20251030-WA0016-240x300.jpg 240w, https:\/\/agora.xtec.cat\/ceiplesfonts\/wp-content\/uploads\/usu2928\/2026\/02\/IMG-20251030-WA0016-768x960.jpg 768w, https:\/\/agora.xtec.cat\/ceiplesfonts\/wp-content\/uploads\/usu2928\/2026\/02\/IMG-20251030-WA0016-1229x1536.jpg 1229w, https:\/\/agora.xtec.cat\/ceiplesfonts\/wp-content\/uploads\/usu2928\/2026\/02\/IMG-20251030-WA0016-1638x2048.jpg 1638w, https:\/\/agora.xtec.cat\/ceiplesfonts\/wp-content\/uploads\/usu2928\/2026\/02\/IMG-20251030-WA0016-scaled.jpg 2048w\" sizes=\"auto, (max-width: 379px) 100vw, 379px\" \/>.<\/a> <a href=\"https:\/\/agora.xtec.cat\/ceiplesfonts\/wp-content\/uploads\/usu2928\/2026\/02\/IMG-20251030-WA0014-scaled.jpg\"><img loading=\"lazy\" decoding=\"async\" class=\"wp-image-3599 alignleft\" src=\"https:\/\/agora.xtec.cat\/ceiplesfonts\/wp-content\/uploads\/usu2928\/2026\/02\/IMG-20251030-WA0014-819x1024.jpg\" alt=\"\" width=\"380\" height=\"475\" srcset=\"https:\/\/agora.xtec.cat\/ceiplesfonts\/wp-content\/uploads\/usu2928\/2026\/02\/IMG-20251030-WA0014-819x1024.jpg 819w, https:\/\/agora.xtec.cat\/ceiplesfonts\/wp-content\/uploads\/usu2928\/2026\/02\/IMG-20251030-WA0014-240x300.jpg 240w, https:\/\/agora.xtec.cat\/ceiplesfonts\/wp-content\/uploads\/usu2928\/2026\/02\/IMG-20251030-WA0014-768x960.jpg 768w, https:\/\/agora.xtec.cat\/ceiplesfonts\/wp-content\/uploads\/usu2928\/2026\/02\/IMG-20251030-WA0014-1229x1536.jpg 1229w, https:\/\/agora.xtec.cat\/ceiplesfonts\/wp-content\/uploads\/usu2928\/2026\/02\/IMG-20251030-WA0014-1638x2048.jpg 1638w, https:\/\/agora.xtec.cat\/ceiplesfonts\/wp-content\/uploads\/usu2928\/2026\/02\/IMG-20251030-WA0014-scaled.jpg 2048w\" sizes=\"auto, (max-width: 380px) 100vw, 380px\" \/><\/a><\/p>\n<p>&nbsp;<\/p>\n<p>&nbsp;<\/p>\n<p>&nbsp;<\/p>\n<p>&nbsp;<\/p>\n<p>&nbsp;<\/p>\n<p>&nbsp;<\/p>\n<p>&nbsp;<\/p>\n<p>&nbsp;<\/p>\n<p>&nbsp;<\/p>\n<p>&nbsp;<\/p>\n<p>Aquest curs 2025-2026 \u00e9s el segon any de 4Cordes. A m\u00e9s de totes les din\u00e0miques socioemocionals del projecte, enguany estem aprofundint en la t\u00e8cnica d&#8217;arc i en les diferents notes de l&#8217;escala de Re Major. Pel que fa al repertori, estem preparant especialment en les peces de la cantata <strong>El Dof\u00ed i la Lluna<\/strong> que interpretarem al teatre <strong>La Sala<\/strong> a finals del 2n trimestre. Concretament, l&#8217;espectacle tindr\u00e0 lloc el 26 de mar\u00e7 de 2026 amb els nens i nenes de 4t de l&#8217;Escola Bernat de Riudemeia en horari de tarda, no lectiu.\u00a0 Quines ganes!<\/p>\n","protected":false},"excerpt":{"rendered":"<p><a href=\"https:\/\/agora.xtec.cat\/ceiplesfonts\/wp-content\/uploads\/usu2928\/2026\/02\/IMG-20251030-WA0016-scaled.jpg\">.<\/a> <a href=\"https:\/\/agora.xtec.cat\/ceiplesfonts\/wp-content\/uploads\/usu2928\/2026\/02\/IMG-20251030-WA0014-scaled.jpg\"><\/a><br \/>\n&nbsp;<br \/>\n&nbsp;<br \/>\n&nbsp;<br \/>\n&nbsp;<br \/>\n&nbsp;<br \/>\n&nbsp;<br \/>\n&nbsp;<br \/>\n&nbsp;<br \/>\n&nbsp;<br \/>\n&nbsp;<br \/>\nAquest curs 2025-2026 \u00e9s el segon any de 4Cordes. A m\u00e9s de totes les din\u00e0miques socioemocionals del projecte, enguany estem aprofundint en la t\u00e8cnica d&#8217;arc i en les diferents notes de l&#8217;escala de Re Major. Pel que fa al repertori, estem preparant&hellip;  <a href=\"https:\/\/agora.xtec.cat\/ceiplesfonts\/general\/segon-curs-de-4cordes\/\" title=\"Read 4CORDES A QUART\">Llegeix m\u00e9s\u00bb<\/a><\/p>\n","protected":false},"author":1,"featured_media":3600,"comment_status":"closed","ping_status":"open","sticky":false,"template":"","format":"standard","meta":{"_bbp_topic_count":0,"_bbp_reply_count":0,"_bbp_total_topic_count":0,"_bbp_total_reply_count":0,"_bbp_voice_count":0,"_bbp_anonymous_reply_count":0,"_bbp_topic_count_hidden":0,"_bbp_reply_count_hidden":0,"_bbp_forum_subforum_count":0,"footnotes":""},"categories":[9,1],"tags":[],"class_list":["post-3597","post","type-post","status-publish","format-standard","has-post-thumbnail","hentry","category-9","category-general"],"post_mailing_queue_ids":[],"_links":{"self":[{"href":"https:\/\/agora.xtec.cat\/ceiplesfonts\/wp-json\/wp\/v2\/posts\/3597","targetHints":{"allow":["GET"]}}],"collection":[{"href":"https:\/\/agora.xtec.cat\/ceiplesfonts\/wp-json\/wp\/v2\/posts"}],"about":[{"href":"https:\/\/agora.xtec.cat\/ceiplesfonts\/wp-json\/wp\/v2\/types\/post"}],"author":[{"embeddable":true,"href":"https:\/\/agora.xtec.cat\/ceiplesfonts\/wp-json\/wp\/v2\/users\/1"}],"replies":[{"embeddable":true,"href":"https:\/\/agora.xtec.cat\/ceiplesfonts\/wp-json\/wp\/v2\/comments?post=3597"}],"version-history":[{"count":6,"href":"https:\/\/agora.xtec.cat\/ceiplesfonts\/wp-json\/wp\/v2\/posts\/3597\/revisions"}],"predecessor-version":[{"id":3607,"href":"https:\/\/agora.xtec.cat\/ceiplesfonts\/wp-json\/wp\/v2\/posts\/3597\/revisions\/3607"}],"wp:featuredmedia":[{"embeddable":true,"href":"https:\/\/agora.xtec.cat\/ceiplesfonts\/wp-json\/wp\/v2\/media\/3600"}],"wp:attachment":[{"href":"https:\/\/agora.xtec.cat\/ceiplesfonts\/wp-json\/wp\/v2\/media?parent=3597"}],"wp:term":[{"taxonomy":"category","embeddable":true,"href":"https:\/\/agora.xtec.cat\/ceiplesfonts\/wp-json\/wp\/v2\/categories?post=3597"},{"taxonomy":"post_tag","embeddable":true,"href":"https:\/\/agora.xtec.cat\/ceiplesfonts\/wp-json\/wp\/v2\/tags?post=3597"}],"curies":[{"name":"wp","href":"https:\/\/api.w.org\/{rel}","templated":true}]}}