{"id":3537,"date":"2026-01-14T21:24:05","date_gmt":"2026-01-14T20:24:05","guid":{"rendered":"https:\/\/agora.xtec.cat\/ceiplesfonts\/?p=3537"},"modified":"2026-01-14T21:24:05","modified_gmt":"2026-01-14T20:24:05","slug":"3r-visita-el-museu-de-les-aigues-de-cornella","status":"publish","type":"post","link":"https:\/\/agora.xtec.cat\/ceiplesfonts\/primaria\/3\/3r-visita-el-museu-de-les-aigues-de-cornella\/","title":{"rendered":"3R VISITA EL MUSEU DE LES AIG\u00dcES DE CORNELL\u00c0"},"content":{"rendered":"<p>L&#8217;alumnat de 3r vam visitar el Museu de les Aig\u00fces de Cornell\u00e0 on vam repassar la import\u00e0ncia de l&#8217;aigua al nostre planeta de forma experimental i vam dur a terme una visita guiada per dins del recinte.<\/p>\n<p><iframe loading=\"lazy\" width=\"800\" height=\"500\" src=\"https:\/\/www.youtube.com\/embed\/N0Dus3T48s8?si=fKP5GY47H-8ticeG\" title=\"YouTube video player\" frameborder=\"0\" allow=\"accelerometer; autoplay; clipboard-write; encrypted-media; gyroscope; picture-in-picture; web-share\" referrerpolicy=\"strict-origin-when-cross-origin\" allowfullscreen><\/iframe><\/p>\n","protected":false},"excerpt":{"rendered":"<p>L&#8217;alumnat de 3r vam visitar el Museu de les Aig\u00fces de Cornell\u00e0 on vam repassar la import\u00e0ncia de l&#8217;aigua al nostre planeta de forma experimental i vam dur a terme una visita guiada per dins del recinte.<\/p>\n","protected":false},"author":1,"featured_media":3540,"comment_status":"closed","ping_status":"open","sticky":false,"template":"","format":"standard","meta":{"_bbp_topic_count":0,"_bbp_reply_count":0,"_bbp_total_topic_count":0,"_bbp_total_reply_count":0,"_bbp_voice_count":0,"_bbp_anonymous_reply_count":0,"_bbp_topic_count_hidden":0,"_bbp_reply_count_hidden":0,"_bbp_forum_subforum_count":0,"footnotes":""},"categories":[8],"tags":[135,134,64],"class_list":["post-3537","post","type-post","status-publish","format-standard","has-post-thumbnail","hentry","category-8","tag-3r","tag-curs-2025-2026","tag-primaria"],"post_mailing_queue_ids":[],"_links":{"self":[{"href":"https:\/\/agora.xtec.cat\/ceiplesfonts\/wp-json\/wp\/v2\/posts\/3537","targetHints":{"allow":["GET"]}}],"collection":[{"href":"https:\/\/agora.xtec.cat\/ceiplesfonts\/wp-json\/wp\/v2\/posts"}],"about":[{"href":"https:\/\/agora.xtec.cat\/ceiplesfonts\/wp-json\/wp\/v2\/types\/post"}],"author":[{"embeddable":true,"href":"https:\/\/agora.xtec.cat\/ceiplesfonts\/wp-json\/wp\/v2\/users\/1"}],"replies":[{"embeddable":true,"href":"https:\/\/agora.xtec.cat\/ceiplesfonts\/wp-json\/wp\/v2\/comments?post=3537"}],"version-history":[{"count":2,"href":"https:\/\/agora.xtec.cat\/ceiplesfonts\/wp-json\/wp\/v2\/posts\/3537\/revisions"}],"predecessor-version":[{"id":3539,"href":"https:\/\/agora.xtec.cat\/ceiplesfonts\/wp-json\/wp\/v2\/posts\/3537\/revisions\/3539"}],"wp:featuredmedia":[{"embeddable":true,"href":"https:\/\/agora.xtec.cat\/ceiplesfonts\/wp-json\/wp\/v2\/media\/3540"}],"wp:attachment":[{"href":"https:\/\/agora.xtec.cat\/ceiplesfonts\/wp-json\/wp\/v2\/media?parent=3537"}],"wp:term":[{"taxonomy":"category","embeddable":true,"href":"https:\/\/agora.xtec.cat\/ceiplesfonts\/wp-json\/wp\/v2\/categories?post=3537"},{"taxonomy":"post_tag","embeddable":true,"href":"https:\/\/agora.xtec.cat\/ceiplesfonts\/wp-json\/wp\/v2\/tags?post=3537"}],"curies":[{"name":"wp","href":"https:\/\/api.w.org\/{rel}","templated":true}]}}