{"id":3511,"date":"2025-12-27T12:26:58","date_gmt":"2025-12-27T11:26:58","guid":{"rendered":"https:\/\/agora.xtec.cat\/ceiplesfonts\/?p=3511"},"modified":"2025-12-27T12:41:16","modified_gmt":"2025-12-27T11:41:16","slug":"concert-de-nadal-2025","status":"publish","type":"post","link":"https:\/\/agora.xtec.cat\/ceiplesfonts\/general\/concert-de-nadal-2025\/","title":{"rendered":"CONCERT DE NADAL 2025"},"content":{"rendered":"<p>El passat 11 de desembre de 2025 vam celebrar el gran concert de Nadal al teatre del Centre Parroquial &#8220;El Centru&#8221; (Argentona). Va ser un espectacle molt bonic, interpretant nadales de diversos estils, autors i \u00e8poques i amb la participaci\u00f3 de tots els grups d&#8217;infantil i prim\u00e0ria. Una vegada m\u00e9s vam comptar amb m\u00fasics convidats com en Roc Sala, pare de l&#8217;escola al piano, en Ramon Rodr\u00edguez i la Mariona Ustrell de 4Cordes\/Musicoop al viol\u00ed i la viola.\u00a0 L&#8217;alumnat de 6\u00e8, va dinamitzar el concert amb algunes escenes dels Pastorets que van fer la del\u00edcia de petits i grans. Agrair el suport t\u00e8cnic i log\u00edstic de l\u2019equip d&#8217;El Centru, a Triple Onda i a l\u2019Ajuntament.  Gr\u00e0cies a tots i totes!!!<\/p>\n<p><iframe loading=\"lazy\" title=\"YouTube video player\" src=\"https:\/\/www.youtube.com\/embed\/xHCfZ9fBQ2s?si=2Xy-i23urxoMAi67\" width=\"560\" height=\"315\" frameborder=\"0\" allowfullscreen=\"allowfullscreen\"><\/iframe><\/p>\n<p><iframe loading=\"lazy\" title=\"YouTube video player\" src=\"https:\/\/www.youtube.com\/embed\/nSBUQ78dZ1E?si=iYCI-cXS135GKp1p\" width=\"560\" height=\"315\" frameborder=\"0\" allowfullscreen=\"allowfullscreen\"><\/iframe><\/p>\n<p><iframe loading=\"lazy\" title=\"YouTube video player\" src=\"https:\/\/www.youtube.com\/embed\/3tbtwaU2reM?si=_6Uq9y3HtRXal_zV\" width=\"560\" height=\"315\" frameborder=\"0\" allowfullscreen=\"allowfullscreen\"><\/iframe><br \/>\n<a href=\"https:\/\/agora.xtec.cat\/ceiplesfonts\/wp-content\/uploads\/usu2928\/2025\/12\/Captura-de-pantalla-2025-12-27-a-les-12.33.24.png\"><img loading=\"lazy\" decoding=\"async\" class=\" wp-image-3515 alignleft\" src=\"https:\/\/agora.xtec.cat\/ceiplesfonts\/wp-content\/uploads\/usu2928\/2025\/12\/Captura-de-pantalla-2025-12-27-a-les-12.33.24-300x34.png\" alt=\"\" width=\"574\" height=\"65\" srcset=\"https:\/\/agora.xtec.cat\/ceiplesfonts\/wp-content\/uploads\/usu2928\/2025\/12\/Captura-de-pantalla-2025-12-27-a-les-12.33.24-300x34.png 300w, https:\/\/agora.xtec.cat\/ceiplesfonts\/wp-content\/uploads\/usu2928\/2025\/12\/Captura-de-pantalla-2025-12-27-a-les-12.33.24-1024x117.png 1024w, https:\/\/agora.xtec.cat\/ceiplesfonts\/wp-content\/uploads\/usu2928\/2025\/12\/Captura-de-pantalla-2025-12-27-a-les-12.33.24-768x88.png 768w, https:\/\/agora.xtec.cat\/ceiplesfonts\/wp-content\/uploads\/usu2928\/2025\/12\/Captura-de-pantalla-2025-12-27-a-les-12.33.24-1536x176.png 1536w, https:\/\/agora.xtec.cat\/ceiplesfonts\/wp-content\/uploads\/usu2928\/2025\/12\/Captura-de-pantalla-2025-12-27-a-les-12.33.24-2048x234.png 2048w\" sizes=\"auto, (max-width: 574px) 100vw, 574px\" \/><\/a><\/p>\n","protected":false},"excerpt":{"rendered":"<p>El passat 11 de desembre de 2025 vam celebrar el gran concert de Nadal al teatre del Centre Parroquial &#8220;El Centru&#8221; (Argentona). Va ser un espectacle molt bonic, interpretant nadales de diversos estils, autors i \u00e8poques i amb la participaci\u00f3 de tots els grups d&#8217;infantil&hellip;  <a href=\"https:\/\/agora.xtec.cat\/ceiplesfonts\/general\/concert-de-nadal-2025\/\" title=\"Read CONCERT DE NADAL 2025\">Llegeix m\u00e9s\u00bb<\/a><\/p>\n","protected":false},"author":1,"featured_media":3512,"comment_status":"closed","ping_status":"open","sticky":false,"template":"","format":"standard","meta":{"_bbp_topic_count":0,"_bbp_reply_count":0,"_bbp_total_topic_count":0,"_bbp_total_reply_count":0,"_bbp_voice_count":0,"_bbp_anonymous_reply_count":0,"_bbp_topic_count_hidden":0,"_bbp_reply_count_hidden":0,"_bbp_forum_subforum_count":0,"footnotes":""},"categories":[85,3,8,9,10,11,1,133,114,96,2,4,5],"tags":[],"class_list":["post-3511","post","type-post","status-publish","format-standard","has-post-thumbnail","hentry","category-85","category-3","category-8","category-9","category-10","category-11","category-general","category-infantil-3","category-infantil4","category-infantil5","category-infantil","category-portada","category-primaria"],"post_mailing_queue_ids":[],"_links":{"self":[{"href":"https:\/\/agora.xtec.cat\/ceiplesfonts\/wp-json\/wp\/v2\/posts\/3511","targetHints":{"allow":["GET"]}}],"collection":[{"href":"https:\/\/agora.xtec.cat\/ceiplesfonts\/wp-json\/wp\/v2\/posts"}],"about":[{"href":"https:\/\/agora.xtec.cat\/ceiplesfonts\/wp-json\/wp\/v2\/types\/post"}],"author":[{"embeddable":true,"href":"https:\/\/agora.xtec.cat\/ceiplesfonts\/wp-json\/wp\/v2\/users\/1"}],"replies":[{"embeddable":true,"href":"https:\/\/agora.xtec.cat\/ceiplesfonts\/wp-json\/wp\/v2\/comments?post=3511"}],"version-history":[{"count":6,"href":"https:\/\/agora.xtec.cat\/ceiplesfonts\/wp-json\/wp\/v2\/posts\/3511\/revisions"}],"predecessor-version":[{"id":3521,"href":"https:\/\/agora.xtec.cat\/ceiplesfonts\/wp-json\/wp\/v2\/posts\/3511\/revisions\/3521"}],"wp:featuredmedia":[{"embeddable":true,"href":"https:\/\/agora.xtec.cat\/ceiplesfonts\/wp-json\/wp\/v2\/media\/3512"}],"wp:attachment":[{"href":"https:\/\/agora.xtec.cat\/ceiplesfonts\/wp-json\/wp\/v2\/media?parent=3511"}],"wp:term":[{"taxonomy":"category","embeddable":true,"href":"https:\/\/agora.xtec.cat\/ceiplesfonts\/wp-json\/wp\/v2\/categories?post=3511"},{"taxonomy":"post_tag","embeddable":true,"href":"https:\/\/agora.xtec.cat\/ceiplesfonts\/wp-json\/wp\/v2\/tags?post=3511"}],"curies":[{"name":"wp","href":"https:\/\/api.w.org\/{rel}","templated":true}]}}