{"id":3508,"date":"2025-12-19T12:12:23","date_gmt":"2025-12-19T11:12:23","guid":{"rendered":"https:\/\/agora.xtec.cat\/ceiplesfonts\/?p=3508"},"modified":"2025-12-19T12:12:23","modified_gmt":"2025-12-19T11:12:23","slug":"bones-vacances","status":"publish","type":"post","link":"https:\/\/agora.xtec.cat\/ceiplesfonts\/primaria\/2\/bones-vacances\/","title":{"rendered":"Bones vacances!"},"content":{"rendered":"<p>Fam\u00edlies, ha arribat l&#8217;\u00faltim dia del 1r trimestre.<\/p>\n<p>L&#8217;alumnat de la &#8220;S\u00faper Classe de 2n&#8221; ha treballat molt, s&#8217;han esfor\u00e7at i han fet un gran aprenentatge en aquest inici de curs. Una molt bona manera de comen\u00e7ar per seguir el curs i seguir aprenent en els propers mesos.<\/p>\n<p>Abans per\u00f2, aprofitem aquests dies per descansar, renovar energies i tornar amb ganes de m\u00e9s!<\/p>\n<p>Us desitgem unes bon\u00edssimes vacances d&#8217;hivern,<\/p>\n<p>Una abra\u00e7ada!<img loading=\"lazy\" decoding=\"async\" class=\"aligncenter size-large wp-image-3509\" src=\"https:\/\/agora.xtec.cat\/ceiplesfonts\/wp-content\/uploads\/usu2928\/2025\/12\/IMG-20251219-WA0001-1024x1024.jpg\" alt=\"\" width=\"1024\" height=\"1024\" srcset=\"https:\/\/agora.xtec.cat\/ceiplesfonts\/wp-content\/uploads\/usu2928\/2025\/12\/IMG-20251219-WA0001-1024x1024.jpg 1024w, https:\/\/agora.xtec.cat\/ceiplesfonts\/wp-content\/uploads\/usu2928\/2025\/12\/IMG-20251219-WA0001-300x300.jpg 300w, https:\/\/agora.xtec.cat\/ceiplesfonts\/wp-content\/uploads\/usu2928\/2025\/12\/IMG-20251219-WA0001-150x150.jpg 150w, https:\/\/agora.xtec.cat\/ceiplesfonts\/wp-content\/uploads\/usu2928\/2025\/12\/IMG-20251219-WA0001-768x768.jpg 768w, https:\/\/agora.xtec.cat\/ceiplesfonts\/wp-content\/uploads\/usu2928\/2025\/12\/IMG-20251219-WA0001-1536x1536.jpg 1536w, https:\/\/agora.xtec.cat\/ceiplesfonts\/wp-content\/uploads\/usu2928\/2025\/12\/IMG-20251219-WA0001.jpg 2048w\" sizes=\"auto, (max-width: 1024px) 100vw, 1024px\" \/><\/p>\n","protected":false},"excerpt":{"rendered":"<p>Fam\u00edlies, ha arribat l&#8217;\u00faltim dia del 1r trimestre.<br \/>\nL&#8217;alumnat de la &#8220;S\u00faper Classe de 2n&#8221; ha treballat molt, s&#8217;han esfor\u00e7at i han fet un gran aprenentatge en aquest inici de curs. Una molt bona manera de comen\u00e7ar per seguir el curs i seguir aprenent en els&hellip;  <a href=\"https:\/\/agora.xtec.cat\/ceiplesfonts\/primaria\/2\/bones-vacances\/\" title=\"Read Bones vacances!\">Llegeix m\u00e9s\u00bb<\/a><\/p>\n","protected":false},"author":39,"featured_media":0,"comment_status":"closed","ping_status":"open","sticky":false,"template":"","format":"standard","meta":{"_bbp_topic_count":0,"_bbp_reply_count":0,"_bbp_total_topic_count":0,"_bbp_total_reply_count":0,"_bbp_voice_count":0,"_bbp_anonymous_reply_count":0,"_bbp_topic_count_hidden":0,"_bbp_reply_count_hidden":0,"_bbp_forum_subforum_count":0,"footnotes":""},"categories":[3],"tags":[],"class_list":["post-3508","post","type-post","status-publish","format-standard","hentry","category-3"],"post_mailing_queue_ids":[],"_links":{"self":[{"href":"https:\/\/agora.xtec.cat\/ceiplesfonts\/wp-json\/wp\/v2\/posts\/3508","targetHints":{"allow":["GET"]}}],"collection":[{"href":"https:\/\/agora.xtec.cat\/ceiplesfonts\/wp-json\/wp\/v2\/posts"}],"about":[{"href":"https:\/\/agora.xtec.cat\/ceiplesfonts\/wp-json\/wp\/v2\/types\/post"}],"author":[{"embeddable":true,"href":"https:\/\/agora.xtec.cat\/ceiplesfonts\/wp-json\/wp\/v2\/users\/39"}],"replies":[{"embeddable":true,"href":"https:\/\/agora.xtec.cat\/ceiplesfonts\/wp-json\/wp\/v2\/comments?post=3508"}],"version-history":[{"count":1,"href":"https:\/\/agora.xtec.cat\/ceiplesfonts\/wp-json\/wp\/v2\/posts\/3508\/revisions"}],"predecessor-version":[{"id":3510,"href":"https:\/\/agora.xtec.cat\/ceiplesfonts\/wp-json\/wp\/v2\/posts\/3508\/revisions\/3510"}],"wp:attachment":[{"href":"https:\/\/agora.xtec.cat\/ceiplesfonts\/wp-json\/wp\/v2\/media?parent=3508"}],"wp:term":[{"taxonomy":"category","embeddable":true,"href":"https:\/\/agora.xtec.cat\/ceiplesfonts\/wp-json\/wp\/v2\/categories?post=3508"},{"taxonomy":"post_tag","embeddable":true,"href":"https:\/\/agora.xtec.cat\/ceiplesfonts\/wp-json\/wp\/v2\/tags?post=3508"}],"curies":[{"name":"wp","href":"https:\/\/api.w.org\/{rel}","templated":true}]}}