{"id":3506,"date":"2026-01-08T09:38:38","date_gmt":"2026-01-08T08:38:38","guid":{"rendered":"https:\/\/agora.xtec.cat\/ceiplesfonts\/?p=3506"},"modified":"2026-01-08T09:38:38","modified_gmt":"2026-01-08T08:38:38","slug":"i5-protagonistes-1r-trimestre-25-26","status":"publish","type":"post","link":"https:\/\/agora.xtec.cat\/ceiplesfonts\/infantil\/infantil5\/i5-protagonistes-1r-trimestre-25-26\/","title":{"rendered":"I5 &#8211; PROTAGONISTES 1r TRIMESTRE 25-26"},"content":{"rendered":"<p>Benvolgudes fam\u00edlies d&#8217;I5,<\/p>\n<p>En el seg\u00fcent v\u00eddeo podem veure les nenes i els nens de la classe de &#8220;La m\u00e0gia del gos extraterrestre&#8221; que han estat protagonistes durant el 1r trimestre. Al final veurem la trobada que vam fer amb les seves fam\u00edlies. Quina tarda tan divertida vam passar!!!<\/p>\n<p><iframe loading=\"lazy\" title=\"PROTAGONIESTES 1r trimestre I5 25-26\" width=\"500\" height=\"281\" src=\"https:\/\/www.youtube.com\/embed\/YGJm37EpGE0?feature=oembed\" frameborder=\"0\" allow=\"accelerometer; autoplay; clipboard-write; encrypted-media; gyroscope; picture-in-picture; web-share\" referrerpolicy=\"strict-origin-when-cross-origin\" allowfullscreen><\/iframe><\/p>\n<p>&nbsp;<\/p>\n","protected":false},"excerpt":{"rendered":"<p>Benvolgudes fam\u00edlies d&#8217;I5,<br \/>\nEn el seg\u00fcent v\u00eddeo podem veure les nenes i els nens de la classe de &#8220;La m\u00e0gia del gos extraterrestre&#8221; que han estat protagonistes durant el 1r trimestre. Al final veurem la trobada que vam fer amb les seves fam\u00edlies. Quina tarda tan&hellip;  <a href=\"https:\/\/agora.xtec.cat\/ceiplesfonts\/infantil\/infantil5\/i5-protagonistes-1r-trimestre-25-26\/\" title=\"Read I5 &#8211; PROTAGONISTES 1r TRIMESTRE 25-26\">Llegeix m\u00e9s\u00bb<\/a><\/p>\n","protected":false},"author":31,"featured_media":3522,"comment_status":"closed","ping_status":"open","sticky":false,"template":"","format":"standard","meta":{"_bbp_topic_count":0,"_bbp_reply_count":0,"_bbp_total_topic_count":0,"_bbp_total_reply_count":0,"_bbp_voice_count":0,"_bbp_anonymous_reply_count":0,"_bbp_topic_count_hidden":0,"_bbp_reply_count_hidden":0,"_bbp_forum_subforum_count":0,"footnotes":""},"categories":[96],"tags":[122,105,139,112,90],"class_list":["post-3506","post","type-post","status-publish","format-standard","has-post-thumbnail","hentry","category-infantil5","tag-1r-trimestre","tag-argentona","tag-curs-25-26","tag-escola-les-fonts","tag-protagonistes"],"post_mailing_queue_ids":[],"_links":{"self":[{"href":"https:\/\/agora.xtec.cat\/ceiplesfonts\/wp-json\/wp\/v2\/posts\/3506","targetHints":{"allow":["GET"]}}],"collection":[{"href":"https:\/\/agora.xtec.cat\/ceiplesfonts\/wp-json\/wp\/v2\/posts"}],"about":[{"href":"https:\/\/agora.xtec.cat\/ceiplesfonts\/wp-json\/wp\/v2\/types\/post"}],"author":[{"embeddable":true,"href":"https:\/\/agora.xtec.cat\/ceiplesfonts\/wp-json\/wp\/v2\/users\/31"}],"replies":[{"embeddable":true,"href":"https:\/\/agora.xtec.cat\/ceiplesfonts\/wp-json\/wp\/v2\/comments?post=3506"}],"version-history":[{"count":1,"href":"https:\/\/agora.xtec.cat\/ceiplesfonts\/wp-json\/wp\/v2\/posts\/3506\/revisions"}],"predecessor-version":[{"id":3507,"href":"https:\/\/agora.xtec.cat\/ceiplesfonts\/wp-json\/wp\/v2\/posts\/3506\/revisions\/3507"}],"wp:featuredmedia":[{"embeddable":true,"href":"https:\/\/agora.xtec.cat\/ceiplesfonts\/wp-json\/wp\/v2\/media\/3522"}],"wp:attachment":[{"href":"https:\/\/agora.xtec.cat\/ceiplesfonts\/wp-json\/wp\/v2\/media?parent=3506"}],"wp:term":[{"taxonomy":"category","embeddable":true,"href":"https:\/\/agora.xtec.cat\/ceiplesfonts\/wp-json\/wp\/v2\/categories?post=3506"},{"taxonomy":"post_tag","embeddable":true,"href":"https:\/\/agora.xtec.cat\/ceiplesfonts\/wp-json\/wp\/v2\/tags?post=3506"}],"curies":[{"name":"wp","href":"https:\/\/api.w.org\/{rel}","templated":true}]}}