{"id":3449,"date":"2025-11-24T10:32:25","date_gmt":"2025-11-24T09:32:25","guid":{"rendered":"https:\/\/agora.xtec.cat\/ceiplesfonts\/?p=3449"},"modified":"2026-03-09T23:59:16","modified_gmt":"2026-03-09T22:59:16","slug":"les-fonts-canta-i-pica","status":"publish","type":"post","link":"https:\/\/agora.xtec.cat\/ceiplesfonts\/portada\/les-fonts-canta-i-pica\/","title":{"rendered":"LES FONTS CANTA I PICA"},"content":{"rendered":"<p>El curs 2024-2025 vam iniciar una proposta musical i l\u00fadica titulada &#8220;<strong>Les Font&#8217;s Got Talent&#8221; <\/strong>dirigida sobretot a l&#8217;alumnat del Cicle Mitj\u00e0. L&#8217;objectiu d&#8217;aquesta iniciativa \u00e9s potenciar l&#8217;\u00fas del catal\u00e0 i dinamitzar les estones d&#8217;esbarjo a trav\u00e9s de jocs de picar de mans. Les primeres propostes van ser del llibre &#8220;Piquem de Mans!&#8221; amb coreografies de la Marta Tomasa i can\u00e7ons d&#8217;en Rikki Arjuna del grup Xiula. En aquest segon curs hem canviat el t\u00edtol a &#8220;<strong>Les Fonts Canta i Pica<\/strong>&#8221; i hem incorporat recursos de la p\u00e0gina <a href=\"http:\/\/picardemans.cat\">picardemans.cat<\/a>. Gr\u00e0cies a totes les parelles participants i enhorabona a les guanyadores. No us perdeu els v\u00eddeos!<\/p>\n<p><strong>Les Fonts &#8220;CANTA I PICA&#8221; 2025-2026<\/strong><\/p>\n<p><iframe loading=\"lazy\" title=\"YouTube video player\" src=\"https:\/\/www.youtube.com\/embed\/lDS8F2UhtQU?si=XKM1B9_kqAc8KKBG\" width=\"460\" height=\"235\" frameborder=\"0\" allowfullscreen=\"allowfullscreen\"><\/iframe> . <iframe loading=\"lazy\" title=\"YouTube video player\" src=\"https:\/\/www.youtube.com\/embed\/QJKTiupaUUE?si=67FRDKDUpkSmVM_T\" width=\"460\" height=\"235\" frameborder=\"0\" allowfullscreen=\"allowfullscreen\"><\/iframe><\/p>\n<p><iframe loading=\"lazy\" title=\"YouTube video player\" src=\"https:\/\/www.youtube.com\/embed\/tIYwju7XtWs?si=VSIMqdInVxxj73B-\" width=\"460\" height=\"235\" frameborder=\"0\" allowfullscreen=\"allowfullscreen\"><\/iframe>. <iframe loading=\"lazy\" width=\"460\" height=\"235\" src=\"https:\/\/www.youtube.com\/embed\/rm2iHMdxrmc?si=35etscfbsPS-cgdc\" title=\"YouTube video player\" frameborder=\"0\" allow=\"accelerometer; autoplay; clipboard-write; encrypted-media; gyroscope; picture-in-picture; web-share\" referrerpolicy=\"strict-origin-when-cross-origin\" allowfullscreen><\/iframe><\/p>\n<p><strong>Les Font&#8217;s &#8220;GOT TALENT&#8221; 2024-2025 <\/strong><br \/>\n<iframe loading=\"lazy\" title=\"YouTube video player\" src=\"https:\/\/www.youtube.com\/embed\/obqw4I-DEFk?si=RIdeDke9-wZ-qQQz\" width=\"460\" height=\"235\" frameborder=\"0\" allowfullscreen=\"allowfullscreen\"><\/iframe> . <iframe loading=\"lazy\" title=\"YouTube video player\" src=\"https:\/\/www.youtube.com\/embed\/oU9uWokhJdY?si=FaJqDSj19rQak8H7\" width=\"460\" height=\"235\" frameborder=\"0\" allowfullscreen=\"allowfullscreen\"><\/iframe><br \/>\n<iframe loading=\"lazy\" title=\"YouTube video player\" src=\"https:\/\/www.youtube.com\/embed\/VxNP2FzqsjI?si=0k0YvNWSubrbGc8c\" width=\"460\" height=\"235\" frameborder=\"0\" allowfullscreen=\"allowfullscreen\"> <\/iframe> . <iframe loading=\"lazy\" title=\"YouTube video player\" src=\"https:\/\/www.youtube.com\/embed\/7s7APlDRrDo?si=wyDLU9Z_3j_R3MXO\" width=\"460\" height=\"235\" frameborder=\"0\" allowfullscreen=\"allowfullscreen\"><\/iframe><br \/>\n<iframe loading=\"lazy\" title=\"YouTube video player\" src=\"https:\/\/www.youtube.com\/embed\/pAlxQDVDmU0?si=ej3yzsYIYeKKH1eB\" width=\"460\" height=\"235\" frameborder=\"0\" allowfullscreen=\"allowfullscreen\"> <\/iframe> . <iframe loading=\"lazy\" title=\"YouTube video player\" src=\"https:\/\/www.youtube.com\/embed\/1X6rmFx9TQU?si=J92RigLUaH2nuEMZ\" width=\"460\" height=\"235\" frameborder=\"0\" allowfullscreen=\"allowfullscreen\"><\/iframe><\/p>\n","protected":false},"excerpt":{"rendered":"<p>El curs 2024-2025 vam iniciar una proposta musical i l\u00fadica titulada &#8220;Les Font&#8217;s Got Talent&#8221; dirigida sobretot a l&#8217;alumnat del Cicle Mitj\u00e0. L&#8217;objectiu d&#8217;aquesta iniciativa \u00e9s potenciar l&#8217;\u00fas del catal\u00e0 i dinamitzar les estones d&#8217;esbarjo a trav\u00e9s de jocs de picar de mans. Les primeres&hellip;  <a href=\"https:\/\/agora.xtec.cat\/ceiplesfonts\/portada\/les-fonts-canta-i-pica\/\" title=\"Read LES FONTS CANTA I PICA\">Llegeix m\u00e9s\u00bb<\/a><\/p>\n","protected":false},"author":1,"featured_media":3471,"comment_status":"closed","ping_status":"open","sticky":false,"template":"","format":"standard","meta":{"_bbp_topic_count":0,"_bbp_reply_count":0,"_bbp_total_topic_count":0,"_bbp_total_reply_count":0,"_bbp_voice_count":0,"_bbp_anonymous_reply_count":0,"_bbp_topic_count_hidden":0,"_bbp_reply_count_hidden":0,"_bbp_forum_subforum_count":0,"footnotes":""},"categories":[8,9,4],"tags":[],"class_list":["post-3449","post","type-post","status-publish","format-standard","has-post-thumbnail","hentry","category-8","category-9","category-portada"],"post_mailing_queue_ids":[],"_links":{"self":[{"href":"https:\/\/agora.xtec.cat\/ceiplesfonts\/wp-json\/wp\/v2\/posts\/3449","targetHints":{"allow":["GET"]}}],"collection":[{"href":"https:\/\/agora.xtec.cat\/ceiplesfonts\/wp-json\/wp\/v2\/posts"}],"about":[{"href":"https:\/\/agora.xtec.cat\/ceiplesfonts\/wp-json\/wp\/v2\/types\/post"}],"author":[{"embeddable":true,"href":"https:\/\/agora.xtec.cat\/ceiplesfonts\/wp-json\/wp\/v2\/users\/1"}],"replies":[{"embeddable":true,"href":"https:\/\/agora.xtec.cat\/ceiplesfonts\/wp-json\/wp\/v2\/comments?post=3449"}],"version-history":[{"count":6,"href":"https:\/\/agora.xtec.cat\/ceiplesfonts\/wp-json\/wp\/v2\/posts\/3449\/revisions"}],"predecessor-version":[{"id":3678,"href":"https:\/\/agora.xtec.cat\/ceiplesfonts\/wp-json\/wp\/v2\/posts\/3449\/revisions\/3678"}],"wp:featuredmedia":[{"embeddable":true,"href":"https:\/\/agora.xtec.cat\/ceiplesfonts\/wp-json\/wp\/v2\/media\/3471"}],"wp:attachment":[{"href":"https:\/\/agora.xtec.cat\/ceiplesfonts\/wp-json\/wp\/v2\/media?parent=3449"}],"wp:term":[{"taxonomy":"category","embeddable":true,"href":"https:\/\/agora.xtec.cat\/ceiplesfonts\/wp-json\/wp\/v2\/categories?post=3449"},{"taxonomy":"post_tag","embeddable":true,"href":"https:\/\/agora.xtec.cat\/ceiplesfonts\/wp-json\/wp\/v2\/tags?post=3449"}],"curies":[{"name":"wp","href":"https:\/\/api.w.org\/{rel}","templated":true}]}}