{"id":3396,"date":"2025-11-04T16:58:21","date_gmt":"2025-11-04T15:58:21","guid":{"rendered":"https:\/\/agora.xtec.cat\/ceiplesfonts\/?p=3396"},"modified":"2026-03-02T09:12:42","modified_gmt":"2026-03-02T08:12:42","slug":"sortida-a-les-coves-del-toll","status":"publish","type":"post","link":"https:\/\/agora.xtec.cat\/ceiplesfonts\/primaria\/4\/sortida-a-les-coves-del-toll\/","title":{"rendered":"SORTIDA A LES COVES DEL TOLL"},"content":{"rendered":"<p>El dilluns 20 d\u2019octubre els alumnes de 4t vam visitar les Coves del Toll, a Moi\u00e0. Ens van ensenyar com vivien els nostres avantpassats i vam endinsar-nos a l\u2019interior d\u2019una cova de fa milions d\u2019anys. Despr\u00e9s vam visitar un poblat neol\u00edtic i vam tenir l\u2019oportunitat d\u2019aprendre a fer foc dins una cabana per escalfar-nos i tamb\u00e9 construir i experimentar amb una de les eines de comunicaci\u00f3 prehist\u00f2rica: el brunzidor.<\/p>\n<p>Va ser un dia d\u2019all\u00f2 m\u00e9s complet, interessant i divertit!<\/p>\n<p><a href=\"https:\/\/agora.xtec.cat\/ceiplesfonts\/wp-content\/uploads\/usu2928\/2025\/11\/COVA-1.jpg\"><img loading=\"lazy\" decoding=\"async\" class=\"size-large wp-image-3399 alignnone\" src=\"https:\/\/agora.xtec.cat\/ceiplesfonts\/wp-content\/uploads\/usu2928\/2025\/11\/COVA-1-682x1024.jpg\" alt=\"\" width=\"682\" height=\"1024\" srcset=\"https:\/\/agora.xtec.cat\/ceiplesfonts\/wp-content\/uploads\/usu2928\/2025\/11\/COVA-1-682x1024.jpg 682w, https:\/\/agora.xtec.cat\/ceiplesfonts\/wp-content\/uploads\/usu2928\/2025\/11\/COVA-1-200x300.jpg 200w, https:\/\/agora.xtec.cat\/ceiplesfonts\/wp-content\/uploads\/usu2928\/2025\/11\/COVA-1-768x1152.jpg 768w, https:\/\/agora.xtec.cat\/ceiplesfonts\/wp-content\/uploads\/usu2928\/2025\/11\/COVA-1-1024x1536.jpg 1024w, https:\/\/agora.xtec.cat\/ceiplesfonts\/wp-content\/uploads\/usu2928\/2025\/11\/COVA-1.jpg 1333w\" sizes=\"auto, (max-width: 682px) 100vw, 682px\" \/><\/a><\/p>\n<p>&nbsp;<\/p>\n<p><a href=\"https:\/\/agora.xtec.cat\/ceiplesfonts\/wp-content\/uploads\/usu2928\/2025\/11\/COVA-2.jpg\"><img loading=\"lazy\" decoding=\"async\" class=\"size-large wp-image-3400 alignnone\" src=\"https:\/\/agora.xtec.cat\/ceiplesfonts\/wp-content\/uploads\/usu2928\/2025\/11\/COVA-2-682x1024.jpg\" alt=\"\" width=\"682\" height=\"1024\" srcset=\"https:\/\/agora.xtec.cat\/ceiplesfonts\/wp-content\/uploads\/usu2928\/2025\/11\/COVA-2-682x1024.jpg 682w, https:\/\/agora.xtec.cat\/ceiplesfonts\/wp-content\/uploads\/usu2928\/2025\/11\/COVA-2-200x300.jpg 200w, https:\/\/agora.xtec.cat\/ceiplesfonts\/wp-content\/uploads\/usu2928\/2025\/11\/COVA-2-768x1152.jpg 768w, https:\/\/agora.xtec.cat\/ceiplesfonts\/wp-content\/uploads\/usu2928\/2025\/11\/COVA-2-1024x1536.jpg 1024w, https:\/\/agora.xtec.cat\/ceiplesfonts\/wp-content\/uploads\/usu2928\/2025\/11\/COVA-2.jpg 1333w\" sizes=\"auto, (max-width: 682px) 100vw, 682px\" \/><\/a><\/p>\n","protected":false},"excerpt":{"rendered":"<p>El dilluns 20 d\u2019octubre els alumnes de 4t vam visitar les Coves del Toll, a Moi\u00e0. Ens van ensenyar com vivien els nostres avantpassats i vam endinsar-nos a l\u2019interior d\u2019una cova de fa milions d\u2019anys. Despr\u00e9s vam visitar un poblat neol\u00edtic i vam tenir l\u2019oportunitat&hellip;  <a href=\"https:\/\/agora.xtec.cat\/ceiplesfonts\/primaria\/4\/sortida-a-les-coves-del-toll\/\" title=\"Read SORTIDA A LES COVES DEL TOLL\">Llegeix m\u00e9s\u00bb<\/a><\/p>\n","protected":false},"author":7,"featured_media":3645,"comment_status":"closed","ping_status":"open","sticky":false,"template":"","format":"standard","meta":{"_bbp_topic_count":0,"_bbp_reply_count":0,"_bbp_total_topic_count":0,"_bbp_total_reply_count":0,"_bbp_voice_count":0,"_bbp_anonymous_reply_count":0,"_bbp_topic_count_hidden":0,"_bbp_reply_count_hidden":0,"_bbp_forum_subforum_count":0,"footnotes":""},"categories":[9],"tags":[137,64],"class_list":["post-3396","post","type-post","status-publish","format-standard","has-post-thumbnail","hentry","category-9","tag-4t","tag-primaria"],"post_mailing_queue_ids":[],"_links":{"self":[{"href":"https:\/\/agora.xtec.cat\/ceiplesfonts\/wp-json\/wp\/v2\/posts\/3396","targetHints":{"allow":["GET"]}}],"collection":[{"href":"https:\/\/agora.xtec.cat\/ceiplesfonts\/wp-json\/wp\/v2\/posts"}],"about":[{"href":"https:\/\/agora.xtec.cat\/ceiplesfonts\/wp-json\/wp\/v2\/types\/post"}],"author":[{"embeddable":true,"href":"https:\/\/agora.xtec.cat\/ceiplesfonts\/wp-json\/wp\/v2\/users\/7"}],"replies":[{"embeddable":true,"href":"https:\/\/agora.xtec.cat\/ceiplesfonts\/wp-json\/wp\/v2\/comments?post=3396"}],"version-history":[{"count":5,"href":"https:\/\/agora.xtec.cat\/ceiplesfonts\/wp-json\/wp\/v2\/posts\/3396\/revisions"}],"predecessor-version":[{"id":3403,"href":"https:\/\/agora.xtec.cat\/ceiplesfonts\/wp-json\/wp\/v2\/posts\/3396\/revisions\/3403"}],"wp:featuredmedia":[{"embeddable":true,"href":"https:\/\/agora.xtec.cat\/ceiplesfonts\/wp-json\/wp\/v2\/media\/3645"}],"wp:attachment":[{"href":"https:\/\/agora.xtec.cat\/ceiplesfonts\/wp-json\/wp\/v2\/media?parent=3396"}],"wp:term":[{"taxonomy":"category","embeddable":true,"href":"https:\/\/agora.xtec.cat\/ceiplesfonts\/wp-json\/wp\/v2\/categories?post=3396"},{"taxonomy":"post_tag","embeddable":true,"href":"https:\/\/agora.xtec.cat\/ceiplesfonts\/wp-json\/wp\/v2\/tags?post=3396"}],"curies":[{"name":"wp","href":"https:\/\/api.w.org\/{rel}","templated":true}]}}