{"id":3267,"date":"2025-10-06T23:17:15","date_gmt":"2025-10-06T21:17:15","guid":{"rendered":"https:\/\/agora.xtec.cat\/ceiplesfonts\/?p=3267"},"modified":"2025-10-06T23:17:27","modified_gmt":"2025-10-06T21:17:27","slug":"reunio-daula-i3","status":"publish","type":"post","link":"https:\/\/agora.xtec.cat\/ceiplesfonts\/general\/reunio-daula-i3\/","title":{"rendered":"REUNI\u00d3 D&#8217;AULA I3"},"content":{"rendered":"<p>A continuaci\u00f3 us adjuntem la presentaci\u00f3\u00a0 que es va visualitzar el dia de la Reuni\u00f3 d&#8217;Aula. D&#8217;aquesta manera podeu tornar a llegir tota la informaci\u00f3 amb calma.  \u00c0nims i a gaudir d&#8217;un bon curs per endavant!<\/p>\n<p><iframe loading=\"lazy\" src=\"https:\/\/www.slideshare.net\/slideshow\/embed_code\/key\/GUFtRpMa3XsTpG\" width=\"610\" height=\"515\"frameborder=\"0\" marginwidth=\"0\" marginheight=\"0\" scrolling=\"no\"style=\"border: var(--border-1) solid #CCC; border-width:1px; margin-bottom:5px; max-width:100%;\"allowfullscreen><\/iframe><\/p>\n<div style=\"margin-bottom:5px\"><strong><a href=\"https:\/\/www.slideshare.net\/slideshow\/i3-reunio-inici-curs-25-26-escola-les-fonts-argentona\/283645865\" title=\"i3-reunio-inici-curs-25-26-escola-les-fonts-argentona\" target=\"_blank\">i3-reunio-inici-curs-25-26-escola-les-fonts-argentona<\/a><\/strong>from <strong><a href=\"https:\/\/es.slideshare.net\/ceiplesfonts\" target=\"_blank\">Escola<\/a><\/strong><\/div>\n","protected":false},"excerpt":{"rendered":"<p>A continuaci\u00f3 us adjuntem la presentaci\u00f3\u00a0 que es va visualitzar el dia de la Reuni\u00f3 d&#8217;Aula. D&#8217;aquesta manera podeu tornar a llegir tota la informaci\u00f3 amb calma.  \u00c0nims i a gaudir d&#8217;un bon curs per endavant!<\/p>\n<p><a href=\"https:\/\/www.slideshare.net\/slideshow\/i3-reunio-inici-curs-25-26-escola-les-fonts-argentona\/283645865\" title=\"i3-reunio-inici-curs-25-26-escola-les-fonts-argentona\" target=\"_blank\">i3-reunio-inici-curs-25-26-escola-les-fonts-argentona<\/a>from <a href=\"https:\/\/es.slideshare.net\/ceiplesfonts\" target=\"_blank\">Escola<\/a><\/p>\n","protected":false},"author":1,"featured_media":0,"comment_status":"closed","ping_status":"open","sticky":false,"template":"","format":"standard","meta":{"_bbp_topic_count":0,"_bbp_reply_count":0,"_bbp_total_topic_count":0,"_bbp_total_reply_count":0,"_bbp_voice_count":0,"_bbp_anonymous_reply_count":0,"_bbp_topic_count_hidden":0,"_bbp_reply_count_hidden":0,"_bbp_forum_subforum_count":0,"footnotes":""},"categories":[1,133],"tags":[],"class_list":["post-3267","post","type-post","status-publish","format-standard","hentry","category-general","category-infantil-3"],"post_mailing_queue_ids":[],"_links":{"self":[{"href":"https:\/\/agora.xtec.cat\/ceiplesfonts\/wp-json\/wp\/v2\/posts\/3267","targetHints":{"allow":["GET"]}}],"collection":[{"href":"https:\/\/agora.xtec.cat\/ceiplesfonts\/wp-json\/wp\/v2\/posts"}],"about":[{"href":"https:\/\/agora.xtec.cat\/ceiplesfonts\/wp-json\/wp\/v2\/types\/post"}],"author":[{"embeddable":true,"href":"https:\/\/agora.xtec.cat\/ceiplesfonts\/wp-json\/wp\/v2\/users\/1"}],"replies":[{"embeddable":true,"href":"https:\/\/agora.xtec.cat\/ceiplesfonts\/wp-json\/wp\/v2\/comments?post=3267"}],"version-history":[{"count":2,"href":"https:\/\/agora.xtec.cat\/ceiplesfonts\/wp-json\/wp\/v2\/posts\/3267\/revisions"}],"predecessor-version":[{"id":3269,"href":"https:\/\/agora.xtec.cat\/ceiplesfonts\/wp-json\/wp\/v2\/posts\/3267\/revisions\/3269"}],"wp:attachment":[{"href":"https:\/\/agora.xtec.cat\/ceiplesfonts\/wp-json\/wp\/v2\/media?parent=3267"}],"wp:term":[{"taxonomy":"category","embeddable":true,"href":"https:\/\/agora.xtec.cat\/ceiplesfonts\/wp-json\/wp\/v2\/categories?post=3267"},{"taxonomy":"post_tag","embeddable":true,"href":"https:\/\/agora.xtec.cat\/ceiplesfonts\/wp-json\/wp\/v2\/tags?post=3267"}],"curies":[{"name":"wp","href":"https:\/\/api.w.org\/{rel}","templated":true}]}}