{"id":3219,"date":"2025-09-16T13:59:58","date_gmt":"2025-09-16T11:59:58","guid":{"rendered":"https:\/\/agora.xtec.cat\/ceiplesfonts\/?p=3219"},"modified":"2025-09-16T13:59:58","modified_gmt":"2025-09-16T11:59:58","slug":"font-picant-sortida-dinici-de-curs-a-cicle-superior","status":"publish","type":"post","link":"https:\/\/agora.xtec.cat\/ceiplesfonts\/primaria\/font-picant-sortida-dinici-de-curs-a-cicle-superior\/","title":{"rendered":"FONT PICANT: SORTIDA D&#8217;INICI DE CURS A CICLE SUPERIOR"},"content":{"rendered":"<p>El passat divendres dia 12 de setembre, els alumnes de 5\u00e8 i 6\u00e8 de prim\u00e0ria de l&#8217;Escola Les Fonts van poder gaudir una sortida d&#8217;inici de curs. Nerviosos per si la pluja apareixia, per\u00f2 sortosament no ens va acompanyar durant la jornada. A qu\u00e8 estem macos a la fotografia?<\/p>\n<p><a href=\"https:\/\/agora.xtec.cat\/ceiplesfonts\/wp-content\/uploads\/usu2928\/2025\/09\/sortida-inici-cs.png\"><img loading=\"lazy\" decoding=\"async\" class=\"aligncenter size-full wp-image-3220\" src=\"https:\/\/agora.xtec.cat\/ceiplesfonts\/wp-content\/uploads\/usu2928\/2025\/09\/sortida-inici-cs.png\" alt=\"\" width=\"790\" height=\"357\" srcset=\"https:\/\/agora.xtec.cat\/ceiplesfonts\/wp-content\/uploads\/usu2928\/2025\/09\/sortida-inici-cs.png 790w, https:\/\/agora.xtec.cat\/ceiplesfonts\/wp-content\/uploads\/usu2928\/2025\/09\/sortida-inici-cs-300x136.png 300w, https:\/\/agora.xtec.cat\/ceiplesfonts\/wp-content\/uploads\/usu2928\/2025\/09\/sortida-inici-cs-768x347.png 768w\" sizes=\"auto, (max-width: 790px) 100vw, 790px\" \/><\/a><\/p>\n","protected":false},"excerpt":{"rendered":"<p>El passat divendres dia 12 de setembre, els alumnes de 5\u00e8 i 6\u00e8 de prim\u00e0ria de l&#8217;Escola Les Fonts van poder gaudir una sortida d&#8217;inici de curs. Nerviosos per si la pluja apareixia, per\u00f2 sortosament no ens va acompanyar durant la jornada. A qu\u00e8 estem&hellip;  <a href=\"https:\/\/agora.xtec.cat\/ceiplesfonts\/primaria\/font-picant-sortida-dinici-de-curs-a-cicle-superior\/\" title=\"Read FONT PICANT: SORTIDA D&#8217;INICI DE CURS A CICLE SUPERIOR\">Llegeix m\u00e9s\u00bb<\/a><\/p>\n","protected":false},"author":1,"featured_media":0,"comment_status":"closed","ping_status":"closed","sticky":false,"template":"","format":"standard","meta":{"_bbp_topic_count":0,"_bbp_reply_count":0,"_bbp_total_topic_count":0,"_bbp_total_reply_count":0,"_bbp_voice_count":0,"_bbp_anonymous_reply_count":0,"_bbp_topic_count_hidden":0,"_bbp_reply_count_hidden":0,"_bbp_forum_subforum_count":0,"footnotes":""},"categories":[10,11,5],"tags":[],"class_list":["post-3219","post","type-post","status-publish","format-standard","hentry","category-10","category-11","category-primaria"],"post_mailing_queue_ids":[],"_links":{"self":[{"href":"https:\/\/agora.xtec.cat\/ceiplesfonts\/wp-json\/wp\/v2\/posts\/3219","targetHints":{"allow":["GET"]}}],"collection":[{"href":"https:\/\/agora.xtec.cat\/ceiplesfonts\/wp-json\/wp\/v2\/posts"}],"about":[{"href":"https:\/\/agora.xtec.cat\/ceiplesfonts\/wp-json\/wp\/v2\/types\/post"}],"author":[{"embeddable":true,"href":"https:\/\/agora.xtec.cat\/ceiplesfonts\/wp-json\/wp\/v2\/users\/1"}],"replies":[{"embeddable":true,"href":"https:\/\/agora.xtec.cat\/ceiplesfonts\/wp-json\/wp\/v2\/comments?post=3219"}],"version-history":[{"count":1,"href":"https:\/\/agora.xtec.cat\/ceiplesfonts\/wp-json\/wp\/v2\/posts\/3219\/revisions"}],"predecessor-version":[{"id":3221,"href":"https:\/\/agora.xtec.cat\/ceiplesfonts\/wp-json\/wp\/v2\/posts\/3219\/revisions\/3221"}],"wp:attachment":[{"href":"https:\/\/agora.xtec.cat\/ceiplesfonts\/wp-json\/wp\/v2\/media?parent=3219"}],"wp:term":[{"taxonomy":"category","embeddable":true,"href":"https:\/\/agora.xtec.cat\/ceiplesfonts\/wp-json\/wp\/v2\/categories?post=3219"},{"taxonomy":"post_tag","embeddable":true,"href":"https:\/\/agora.xtec.cat\/ceiplesfonts\/wp-json\/wp\/v2\/tags?post=3219"}],"curies":[{"name":"wp","href":"https:\/\/api.w.org\/{rel}","templated":true}]}}