{"id":3180,"date":"2025-06-28T18:03:32","date_gmt":"2025-06-28T16:03:32","guid":{"rendered":"https:\/\/agora.xtec.cat\/ceiplesfonts\/?p=3180"},"modified":"2025-06-29T14:04:25","modified_gmt":"2025-06-29T12:04:25","slug":"periplus-4cordes-en-concert","status":"publish","type":"post","link":"https:\/\/agora.xtec.cat\/ceiplesfonts\/general\/periplus-4cordes-en-concert\/","title":{"rendered":"PERIPLUS, 4CORDES EN CONCERT"},"content":{"rendered":"<p><iframe loading=\"lazy\" title=\"YouTube video player\" src=\"https:\/\/www.youtube.com\/embed\/ztMkW62iM4A?si=ENJCYGkHRFgQ2M9V\" width=\"860\" height=\"415\" frameborder=\"0\" allowfullscreen=\"allowfullscreen\"><span data-mce-type=\"bookmark\" style=\"display: inline-block; width: 0px; overflow: hidden; line-height: 0;\" class=\"mce_SELRES_start\">\ufeff<\/span><\/iframe><\/p>\n<p>Despr\u00e9s de molts mesos de preparatius,\u00a0 el 19 de juny de 2025 es va dur a terme l&#8217;espectacle de final de curs del projecte 4Cordes\u00a0 <strong>Periplus, un viatge musical<\/strong> al Teatre La Sala d\u2019Argentona. Els protagonistes van ser el conjunt de tots els nens i nenes de 3r, 4t i 5\u00e8. Es van dur a terme dos torns, un per a les fam\u00edies i un altre per tot l&#8217;alumnat de l&#8217;escola. El resultat va ser fant\u00e0stic i molt emotiu. Enhorabona a tots i totes!<\/p>\n<p>PERIPLUS \u00e9s un espectacle <span class=\"css-1jxf684 r-bcqeeo r-1ttztb7 r-qvutc0 r-poiln3\">\u00a0amb m\u00fasica original de <\/span><span class=\"r-18u37iz\">Ferran Badal<\/span><span class=\"css-1jxf684 r-bcqeeo r-1ttztb7 r-qvutc0 r-poiln3\">, m\u00fasiques que van n\u00e9ixer de sonoritats, combinacions de textures i descobriments viscuts al llarg d&#8217;un gran viatge per 15 pa\u00efsos d&#8217;arreu del m\u00f3n. E<\/span>strenat el curs 2014-2015 al Palau de la M\u00fasica (Barcelona) i al Teatre Monumental de Matar\u00f3. Aquest curs 2024-2025 <strong>Periplus<\/strong> s&#8217;ha adaptat expressament pel concert a Argentona amb una nova posada en escena i ha estat l&#8217;eix transversal\u00a0 que ha treballat tota l&#8217;escola a partir de diferents instruments d&#8217;arreu del m\u00f3n.<\/p>\n<p>Orquestra 4Cordes: Alumnes de 3r i 5\u00e8<br \/>\nActors, actrius i presentaci\u00f3: Alumnes de 4t\u00a0 | Coordinaci\u00f3 esc\u00e8nica i adaptaci\u00f3: Anna Sall\u00e9s<br \/>\nDirecci\u00f3 musical, text teatral i adaptaci\u00f3 musical: Mariona Ustrell i Toni Corrales (Musicoop)<\/p>\n<p>Solistes:<br \/>\nToni Corrales (viol\u00ed) |\u00a0 Roc Sala (piano) |\u00a0 Xavier Dangla (guitarra) |\u00a0 Aleix Burgu\u00e9s (bateria)<br \/>\nEl projecte 4Cordes a l&#8217;escola Les Fonts forma part del Programa d&#8217;innovaci\u00f3 pedag\u00f2gica #araART.<\/p>\n<p>&nbsp;<\/p>\n<p><a href=\"https:\/\/agora.xtec.cat\/ceiplesfonts\/wp-content\/uploads\/usu2928\/2025\/06\/PERIPLUS1-scaled.jpg\"><img loading=\"lazy\" decoding=\"async\" class=\"wp-image-3184 alignleft\" src=\"https:\/\/agora.xtec.cat\/ceiplesfonts\/wp-content\/uploads\/usu2928\/2025\/06\/PERIPLUS1-scaled.jpg\" alt=\"\" width=\"580\" height=\"385\" srcset=\"https:\/\/agora.xtec.cat\/ceiplesfonts\/wp-content\/uploads\/usu2928\/2025\/06\/PERIPLUS1-300x200.jpg 300w, https:\/\/agora.xtec.cat\/ceiplesfonts\/wp-content\/uploads\/usu2928\/2025\/06\/PERIPLUS1-1024x682.jpg 1024w, https:\/\/agora.xtec.cat\/ceiplesfonts\/wp-content\/uploads\/usu2928\/2025\/06\/PERIPLUS1-1536x1023.jpg 1536w, https:\/\/agora.xtec.cat\/ceiplesfonts\/wp-content\/uploads\/usu2928\/2025\/06\/PERIPLUS1-2048x1364.jpg 2048w\" sizes=\"auto, (max-width: 580px) 100vw, 580px\" \/><\/a><a href=\"https:\/\/agora.xtec.cat\/ceiplesfonts\/wp-content\/uploads\/usu2928\/2025\/06\/PERIPLUS6-scaled.jpg\"><img loading=\"lazy\" decoding=\"async\" class=\"wp-image-3181 alignleft\" src=\"https:\/\/agora.xtec.cat\/ceiplesfonts\/wp-content\/uploads\/usu2928\/2025\/06\/PERIPLUS6-scaled.jpg\" alt=\"\" width=\"580\" height=\"385\" \/><\/a><a href=\"https:\/\/agora.xtec.cat\/ceiplesfonts\/wp-content\/uploads\/usu2928\/2025\/06\/PERIPLUS3-scaled.jpg\"><img loading=\"lazy\" decoding=\"async\" class=\"wp-image-3183 alignleft\" src=\"https:\/\/agora.xtec.cat\/ceiplesfonts\/wp-content\/uploads\/usu2928\/2025\/06\/PERIPLUS3-scaled.jpg\" alt=\"\" width=\"580\" height=\"385\" \/><\/a><\/p>\n<p>&nbsp;<\/p>\n<p>&nbsp;<\/p>\n<p>&nbsp;<\/p>\n<p>&nbsp;<\/p>\n<p>&nbsp;<\/p>\n<p>&nbsp;<\/p>\n<p>&nbsp;<\/p>\n<p>&nbsp;<\/p>\n<p>.<\/p>\n<p><a href=\"https:\/\/agora.xtec.cat\/ceiplesfonts\/wp-content\/uploads\/usu2928\/2025\/06\/PERIPLUS2-min-scaled.jpg\"><img loading=\"lazy\" decoding=\"async\" class=\"wp-image-3188 alignleft\" src=\"https:\/\/agora.xtec.cat\/ceiplesfonts\/wp-content\/uploads\/usu2928\/2025\/06\/PERIPLUS2-min-scaled.jpg\" alt=\"\" width=\"579\" height=\"386\" srcset=\"https:\/\/agora.xtec.cat\/ceiplesfonts\/wp-content\/uploads\/usu2928\/2025\/06\/PERIPLUS2-min-scaled.jpg 2560w, https:\/\/agora.xtec.cat\/ceiplesfonts\/wp-content\/uploads\/usu2928\/2025\/06\/PERIPLUS2-min-300x200.jpg 300w, https:\/\/agora.xtec.cat\/ceiplesfonts\/wp-content\/uploads\/usu2928\/2025\/06\/PERIPLUS2-min-1024x682.jpg 1024w, https:\/\/agora.xtec.cat\/ceiplesfonts\/wp-content\/uploads\/usu2928\/2025\/06\/PERIPLUS2-min-768x512.jpg 768w, https:\/\/agora.xtec.cat\/ceiplesfonts\/wp-content\/uploads\/usu2928\/2025\/06\/PERIPLUS2-min-1536x1023.jpg 1536w, https:\/\/agora.xtec.cat\/ceiplesfonts\/wp-content\/uploads\/usu2928\/2025\/06\/PERIPLUS2-min-2048x1364.jpg 2048w\" sizes=\"auto, (max-width: 579px) 100vw, 579px\" \/><\/a><a href=\"https:\/\/agora.xtec.cat\/ceiplesfonts\/wp-content\/uploads\/usu2928\/2025\/06\/PERIPLUS4-min-scaled.jpg\"><img loading=\"lazy\" decoding=\"async\" class=\"wp-image-3187 alignleft\" src=\"https:\/\/agora.xtec.cat\/ceiplesfonts\/wp-content\/uploads\/usu2928\/2025\/06\/PERIPLUS4-min-scaled.jpg\" alt=\"\" width=\"579\" height=\"386\" srcset=\"https:\/\/agora.xtec.cat\/ceiplesfonts\/wp-content\/uploads\/usu2928\/2025\/06\/PERIPLUS4-min-scaled.jpg 2560w, https:\/\/agora.xtec.cat\/ceiplesfonts\/wp-content\/uploads\/usu2928\/2025\/06\/PERIPLUS4-min-300x200.jpg 300w, https:\/\/agora.xtec.cat\/ceiplesfonts\/wp-content\/uploads\/usu2928\/2025\/06\/PERIPLUS4-min-1024x683.jpg 1024w, https:\/\/agora.xtec.cat\/ceiplesfonts\/wp-content\/uploads\/usu2928\/2025\/06\/PERIPLUS4-min-768x512.jpg 768w, https:\/\/agora.xtec.cat\/ceiplesfonts\/wp-content\/uploads\/usu2928\/2025\/06\/PERIPLUS4-min-1536x1024.jpg 1536w, https:\/\/agora.xtec.cat\/ceiplesfonts\/wp-content\/uploads\/usu2928\/2025\/06\/PERIPLUS4-min-2048x1365.jpg 2048w\" sizes=\"auto, (max-width: 579px) 100vw, 579px\" \/><\/a><br \/>\n<a href=\"https:\/\/agora.xtec.cat\/ceiplesfonts\/wp-content\/uploads\/usu2928\/2025\/06\/PERIPLUS5-scaled.jpg\"><img loading=\"lazy\" decoding=\"async\" class=\"wp-image-3182 alignleft\" src=\"https:\/\/agora.xtec.cat\/ceiplesfonts\/wp-content\/uploads\/usu2928\/2025\/06\/PERIPLUS5-scaled.jpg\" alt=\"\" width=\"581\" height=\"387\" srcset=\"https:\/\/agora.xtec.cat\/ceiplesfonts\/wp-content\/uploads\/usu2928\/2025\/06\/PERIPLUS5-scaled.jpg 2560w, https:\/\/agora.xtec.cat\/ceiplesfonts\/wp-content\/uploads\/usu2928\/2025\/06\/PERIPLUS5-300x200.jpg 300w, https:\/\/agora.xtec.cat\/ceiplesfonts\/wp-content\/uploads\/usu2928\/2025\/06\/PERIPLUS5-1024x682.jpg 1024w, https:\/\/agora.xtec.cat\/ceiplesfonts\/wp-content\/uploads\/usu2928\/2025\/06\/PERIPLUS5-768x512.jpg 768w, https:\/\/agora.xtec.cat\/ceiplesfonts\/wp-content\/uploads\/usu2928\/2025\/06\/PERIPLUS5-1536x1023.jpg 1536w, https:\/\/agora.xtec.cat\/ceiplesfonts\/wp-content\/uploads\/usu2928\/2025\/06\/PERIPLUS5-2048x1364.jpg 2048w\" sizes=\"auto, (max-width: 581px) 100vw, 581px\" \/><\/a><\/p>\n<p>&nbsp;<\/p>\n<p><a href=\"https:\/\/agora.xtec.cat\/ceiplesfonts\/wp-content\/uploads\/usu2928\/2025\/01\/LOGOS-2025.png\"><img loading=\"lazy\" decoding=\"async\" class=\"aligncenter size-full wp-image-2824\" src=\"https:\/\/agora.xtec.cat\/ceiplesfonts\/wp-content\/uploads\/usu2928\/2025\/01\/LOGOS-2025.png\" alt=\"\" width=\"3572\" height=\"490\" srcset=\"https:\/\/agora.xtec.cat\/ceiplesfonts\/wp-content\/uploads\/usu2928\/2025\/01\/LOGOS-2025.png 3572w, https:\/\/agora.xtec.cat\/ceiplesfonts\/wp-content\/uploads\/usu2928\/2025\/01\/LOGOS-2025-300x41.png 300w, https:\/\/agora.xtec.cat\/ceiplesfonts\/wp-content\/uploads\/usu2928\/2025\/01\/LOGOS-2025-1024x140.png 1024w, https:\/\/agora.xtec.cat\/ceiplesfonts\/wp-content\/uploads\/usu2928\/2025\/01\/LOGOS-2025-768x105.png 768w, https:\/\/agora.xtec.cat\/ceiplesfonts\/wp-content\/uploads\/usu2928\/2025\/01\/LOGOS-2025-1536x211.png 1536w, https:\/\/agora.xtec.cat\/ceiplesfonts\/wp-content\/uploads\/usu2928\/2025\/01\/LOGOS-2025-2048x281.png 2048w\" sizes=\"auto, (max-width: 3572px) 100vw, 3572px\" \/><\/a><\/p>\n<p>El projecte 4Cordes a l&#8217;Escola Les Fonts forma part del Programa d\u2019innovaci\u00f3 pedag\u00f2gica araArt i compta amb el suport del Departament d\u2019Educaci\u00f3. Es du a terme gr\u00e0cies a la cooperativa Musicoop, AFA de l&#8217;escola Les Fonts i l\u2019Ajuntament d\u2019Argentona\u00a0que el financia.<\/p>\n","protected":false},"excerpt":{"rendered":"<p>\ufeff<br \/>\nDespr\u00e9s de molts mesos de preparatius,\u00a0 el 19 de juny de 2025 es va dur a terme l&#8217;espectacle de final de curs del projecte 4Cordes\u00a0 Periplus, un viatge musical al Teatre La Sala d\u2019Argentona. Els protagonistes van ser el conjunt de tots els nens i&hellip;  <a href=\"https:\/\/agora.xtec.cat\/ceiplesfonts\/general\/periplus-4cordes-en-concert\/\" title=\"Read PERIPLUS, 4CORDES EN CONCERT\">Llegeix m\u00e9s\u00bb<\/a><\/p>\n","protected":false},"author":1,"featured_media":3189,"comment_status":"closed","ping_status":"open","sticky":false,"template":"","format":"standard","meta":{"_bbp_topic_count":0,"_bbp_reply_count":0,"_bbp_total_topic_count":0,"_bbp_total_reply_count":0,"_bbp_voice_count":0,"_bbp_anonymous_reply_count":0,"_bbp_topic_count_hidden":0,"_bbp_reply_count_hidden":0,"_bbp_forum_subforum_count":0,"footnotes":""},"categories":[9,10,11,1,4],"tags":[],"class_list":["post-3180","post","type-post","status-publish","format-standard","has-post-thumbnail","hentry","category-9","category-10","category-11","category-general","category-portada"],"post_mailing_queue_ids":[],"_links":{"self":[{"href":"https:\/\/agora.xtec.cat\/ceiplesfonts\/wp-json\/wp\/v2\/posts\/3180","targetHints":{"allow":["GET"]}}],"collection":[{"href":"https:\/\/agora.xtec.cat\/ceiplesfonts\/wp-json\/wp\/v2\/posts"}],"about":[{"href":"https:\/\/agora.xtec.cat\/ceiplesfonts\/wp-json\/wp\/v2\/types\/post"}],"author":[{"embeddable":true,"href":"https:\/\/agora.xtec.cat\/ceiplesfonts\/wp-json\/wp\/v2\/users\/1"}],"replies":[{"embeddable":true,"href":"https:\/\/agora.xtec.cat\/ceiplesfonts\/wp-json\/wp\/v2\/comments?post=3180"}],"version-history":[{"count":6,"href":"https:\/\/agora.xtec.cat\/ceiplesfonts\/wp-json\/wp\/v2\/posts\/3180\/revisions"}],"predecessor-version":[{"id":3200,"href":"https:\/\/agora.xtec.cat\/ceiplesfonts\/wp-json\/wp\/v2\/posts\/3180\/revisions\/3200"}],"wp:featuredmedia":[{"embeddable":true,"href":"https:\/\/agora.xtec.cat\/ceiplesfonts\/wp-json\/wp\/v2\/media\/3189"}],"wp:attachment":[{"href":"https:\/\/agora.xtec.cat\/ceiplesfonts\/wp-json\/wp\/v2\/media?parent=3180"}],"wp:term":[{"taxonomy":"category","embeddable":true,"href":"https:\/\/agora.xtec.cat\/ceiplesfonts\/wp-json\/wp\/v2\/categories?post=3180"},{"taxonomy":"post_tag","embeddable":true,"href":"https:\/\/agora.xtec.cat\/ceiplesfonts\/wp-json\/wp\/v2\/tags?post=3180"}],"curies":[{"name":"wp","href":"https:\/\/api.w.org\/{rel}","templated":true}]}}