{"id":3091,"date":"2025-05-06T22:37:39","date_gmt":"2025-05-06T20:37:39","guid":{"rendered":"https:\/\/agora.xtec.cat\/ceiplesfonts\/?p=3091"},"modified":"2025-05-06T22:39:12","modified_gmt":"2025-05-06T20:39:12","slug":"colonies-i5-la-llobeta-2025","status":"publish","type":"post","link":"https:\/\/agora.xtec.cat\/ceiplesfonts\/general\/colonies-i5-la-llobeta-2025\/","title":{"rendered":"COL\u00d2NIES I5 LA LLOBETA 2025"},"content":{"rendered":"<p>Els nens i nenes\u00a0 d&#8217;I5 han gaudit d&#8217;unes col\u00f2nies de circ, diversi\u00f3 i conviv\u00e8ncia a La Llobeta (Aiguafreda) els passats 31 de mar\u00e7 i 1 d&#8217;abril. Us convidem a fer una ullada al videoresum de les activitats que s\u2019han realitzat durant l\u2019estada!<\/p>\n<p><iframe loading=\"lazy\" title=\"YouTube video player\" src=\"https:\/\/www.youtube.com\/embed\/nAx0bXvxNFM?si=RfcASD9JB8DeTmio\" width=\"860\" height=\"515\" frameborder=\"0\" allowfullscreen=\"allowfullscreen\"><\/iframe><\/p>\n<p>&nbsp;<\/p>\n","protected":false},"excerpt":{"rendered":"<p>Els nens i nenes\u00a0 d&#8217;I5 han gaudit d&#8217;unes col\u00f2nies de circ, diversi\u00f3 i conviv\u00e8ncia a La Llobeta (Aiguafreda) els passats 31 de mar\u00e7 i 1 d&#8217;abril. Us convidem a fer una ullada al videoresum de les activitats que s\u2019han realitzat durant l\u2019estada!<\/p>\n<p>&nbsp;<\/p>\n","protected":false},"author":1,"featured_media":3092,"comment_status":"closed","ping_status":"closed","sticky":false,"template":"","format":"standard","meta":{"_bbp_topic_count":0,"_bbp_reply_count":0,"_bbp_total_topic_count":0,"_bbp_total_reply_count":0,"_bbp_voice_count":0,"_bbp_anonymous_reply_count":0,"_bbp_topic_count_hidden":0,"_bbp_reply_count_hidden":0,"_bbp_forum_subforum_count":0,"footnotes":""},"categories":[85,1],"tags":[],"class_list":["post-3091","post","type-post","status-publish","format-standard","has-post-thumbnail","hentry","category-85","category-general"],"post_mailing_queue_ids":[],"_links":{"self":[{"href":"https:\/\/agora.xtec.cat\/ceiplesfonts\/wp-json\/wp\/v2\/posts\/3091","targetHints":{"allow":["GET"]}}],"collection":[{"href":"https:\/\/agora.xtec.cat\/ceiplesfonts\/wp-json\/wp\/v2\/posts"}],"about":[{"href":"https:\/\/agora.xtec.cat\/ceiplesfonts\/wp-json\/wp\/v2\/types\/post"}],"author":[{"embeddable":true,"href":"https:\/\/agora.xtec.cat\/ceiplesfonts\/wp-json\/wp\/v2\/users\/1"}],"replies":[{"embeddable":true,"href":"https:\/\/agora.xtec.cat\/ceiplesfonts\/wp-json\/wp\/v2\/comments?post=3091"}],"version-history":[{"count":4,"href":"https:\/\/agora.xtec.cat\/ceiplesfonts\/wp-json\/wp\/v2\/posts\/3091\/revisions"}],"predecessor-version":[{"id":3096,"href":"https:\/\/agora.xtec.cat\/ceiplesfonts\/wp-json\/wp\/v2\/posts\/3091\/revisions\/3096"}],"wp:featuredmedia":[{"embeddable":true,"href":"https:\/\/agora.xtec.cat\/ceiplesfonts\/wp-json\/wp\/v2\/media\/3092"}],"wp:attachment":[{"href":"https:\/\/agora.xtec.cat\/ceiplesfonts\/wp-json\/wp\/v2\/media?parent=3091"}],"wp:term":[{"taxonomy":"category","embeddable":true,"href":"https:\/\/agora.xtec.cat\/ceiplesfonts\/wp-json\/wp\/v2\/categories?post=3091"},{"taxonomy":"post_tag","embeddable":true,"href":"https:\/\/agora.xtec.cat\/ceiplesfonts\/wp-json\/wp\/v2\/tags?post=3091"}],"curies":[{"name":"wp","href":"https:\/\/api.w.org\/{rel}","templated":true}]}}