{"id":3047,"date":"2025-04-27T20:36:15","date_gmt":"2025-04-27T18:36:15","guid":{"rendered":"https:\/\/agora.xtec.cat\/ceiplesfonts\/?p=3047"},"modified":"2025-04-27T23:05:44","modified_gmt":"2025-04-27T21:05:44","slug":"cercles-de-percussio","status":"publish","type":"post","link":"https:\/\/agora.xtec.cat\/ceiplesfonts\/general\/cercles-de-percussio\/","title":{"rendered":"CERCLES DE PERCUSSI\u00d3"},"content":{"rendered":"<p>Fa uns dies tot l&#8217;alumnat de l&#8217;escola va participar d&#8217;una activitat ben especial. Una proposta vinculada a l&#8217;eix transversal d&#8217;aquest curs: PERIPLUS.<br \/>\nEs tracta dels Cercles de Percussi\u00f3; en Jordi Vinyoles i el seu equip d&#8217;<a href=\"http:\/\/uniso.cat\">Uniso.cat<\/a> van dinamitzar diverses sessions amb propostes adaptades a l&#8217;edat dels infants. A trav\u00e9s d&#8217;un grapat d&#8217;instruments \u00e8tnics vam descobrir els seus sons i la seva riquesa harm\u00f2nica; el batec dels ritmes ens van fer vibrar i ens van emocionar. No us perdeu el videoresum:<\/p>\n<p><iframe loading=\"lazy\" title=\"YouTube video player\" src=\"https:\/\/www.youtube.com\/embed\/T7tJQnxRCe4?si=x9ejj5aU5E24R-VR\" width=\"960\" height=\"540\" frameborder=\"0\" allowfullscreen=\"allowfullscreen\"><span data-mce-type=\"bookmark\" style=\"display: inline-block; width: 0px; overflow: hidden; line-height: 0;\" class=\"mce_SELRES_start\">\ufeff<\/span><\/iframe><\/p>\n<p data-wp-editing=\"1\"><a href=\"https:\/\/agora.xtec.cat\/ceiplesfonts\/wp-content\/uploads\/usu2928\/2025\/04\/Gm_8UIJX0AAPP6f.jpeg\"><img loading=\"lazy\" decoding=\"async\" class=\"wp-image-3052 alignleft\" src=\"https:\/\/agora.xtec.cat\/ceiplesfonts\/wp-content\/uploads\/usu2928\/2025\/04\/Gm_8UIJX0AAPP6f.jpeg\" alt=\"\" width=\"978\" height=\"1223\" srcset=\"https:\/\/agora.xtec.cat\/ceiplesfonts\/wp-content\/uploads\/usu2928\/2025\/04\/Gm_8UIJX0AAPP6f.jpeg 1638w, https:\/\/agora.xtec.cat\/ceiplesfonts\/wp-content\/uploads\/usu2928\/2025\/04\/Gm_8UIJX0AAPP6f-240x300.jpeg 240w, https:\/\/agora.xtec.cat\/ceiplesfonts\/wp-content\/uploads\/usu2928\/2025\/04\/Gm_8UIJX0AAPP6f-819x1024.jpeg 819w, https:\/\/agora.xtec.cat\/ceiplesfonts\/wp-content\/uploads\/usu2928\/2025\/04\/Gm_8UIJX0AAPP6f-768x960.jpeg 768w, https:\/\/agora.xtec.cat\/ceiplesfonts\/wp-content\/uploads\/usu2928\/2025\/04\/Gm_8UIJX0AAPP6f-1229x1536.jpeg 1229w\" sizes=\"auto, (max-width: 978px) 100vw, 978px\" \/><\/a><\/p>\n","protected":false},"excerpt":{"rendered":"<p>Fa uns dies tot l&#8217;alumnat de l&#8217;escola va participar d&#8217;una activitat ben especial. Una proposta vinculada a l&#8217;eix transversal d&#8217;aquest curs: PERIPLUS.<br \/>\nEs tracta dels Cercles de Percussi\u00f3; en Jordi Vinyoles i el seu equip d&#8217;<a href=\"http:\/\/uniso.cat\">Uniso.cat<\/a> van dinamitzar diverses sessions amb propostes adaptades a l&#8217;edat&hellip;  <a href=\"https:\/\/agora.xtec.cat\/ceiplesfonts\/general\/cercles-de-percussio\/\" title=\"Read CERCLES DE PERCUSSI\u00d3\">Llegeix m\u00e9s\u00bb<\/a><\/p>\n","protected":false},"author":1,"featured_media":3048,"comment_status":"closed","ping_status":"closed","sticky":false,"template":"","format":"standard","meta":{"_bbp_topic_count":0,"_bbp_reply_count":0,"_bbp_total_topic_count":0,"_bbp_total_reply_count":0,"_bbp_voice_count":0,"_bbp_anonymous_reply_count":0,"_bbp_topic_count_hidden":0,"_bbp_reply_count_hidden":0,"_bbp_forum_subforum_count":0,"footnotes":""},"categories":[1,4],"tags":[],"class_list":["post-3047","post","type-post","status-publish","format-standard","has-post-thumbnail","hentry","category-general","category-portada"],"post_mailing_queue_ids":[],"_links":{"self":[{"href":"https:\/\/agora.xtec.cat\/ceiplesfonts\/wp-json\/wp\/v2\/posts\/3047","targetHints":{"allow":["GET"]}}],"collection":[{"href":"https:\/\/agora.xtec.cat\/ceiplesfonts\/wp-json\/wp\/v2\/posts"}],"about":[{"href":"https:\/\/agora.xtec.cat\/ceiplesfonts\/wp-json\/wp\/v2\/types\/post"}],"author":[{"embeddable":true,"href":"https:\/\/agora.xtec.cat\/ceiplesfonts\/wp-json\/wp\/v2\/users\/1"}],"replies":[{"embeddable":true,"href":"https:\/\/agora.xtec.cat\/ceiplesfonts\/wp-json\/wp\/v2\/comments?post=3047"}],"version-history":[{"count":3,"href":"https:\/\/agora.xtec.cat\/ceiplesfonts\/wp-json\/wp\/v2\/posts\/3047\/revisions"}],"predecessor-version":[{"id":3053,"href":"https:\/\/agora.xtec.cat\/ceiplesfonts\/wp-json\/wp\/v2\/posts\/3047\/revisions\/3053"}],"wp:featuredmedia":[{"embeddable":true,"href":"https:\/\/agora.xtec.cat\/ceiplesfonts\/wp-json\/wp\/v2\/media\/3048"}],"wp:attachment":[{"href":"https:\/\/agora.xtec.cat\/ceiplesfonts\/wp-json\/wp\/v2\/media?parent=3047"}],"wp:term":[{"taxonomy":"category","embeddable":true,"href":"https:\/\/agora.xtec.cat\/ceiplesfonts\/wp-json\/wp\/v2\/categories?post=3047"},{"taxonomy":"post_tag","embeddable":true,"href":"https:\/\/agora.xtec.cat\/ceiplesfonts\/wp-json\/wp\/v2\/tags?post=3047"}],"curies":[{"name":"wp","href":"https:\/\/api.w.org\/{rel}","templated":true}]}}