{"id":3042,"date":"2025-04-28T10:54:08","date_gmt":"2025-04-28T08:54:08","guid":{"rendered":"https:\/\/agora.xtec.cat\/ceiplesfonts\/?p=3042"},"modified":"2025-04-28T11:00:28","modified_gmt":"2025-04-28T09:00:28","slug":"llegenda-santa-jordina","status":"publish","type":"post","link":"https:\/\/agora.xtec.cat\/ceiplesfonts\/primaria\/2\/llegenda-santa-jordina\/","title":{"rendered":"Llegenda Santa Jordina"},"content":{"rendered":"<p>Els nens i nenes de 1r han representat la llegenda de santa Jordina, el dimecres 23 d&#8217;abril per a tot l&#8217;alumnat de l&#8217;escola i avui divendres 25 per les fam\u00edlies.<\/p>\n<p>Ha estat una experi\u00e8ncia molt enriquidora tant per l&#8217;alumnat, que ha desenvolupat compet\u00e8ncies en comunicaci\u00f3 oral i lectora, com per la mestra, que ha estat tot un repte i un aprenentatge molt gratificant.<\/p>\n<p><img loading=\"lazy\" decoding=\"async\" class=\"aligncenter size-large wp-image-3044\" src=\"https:\/\/agora.xtec.cat\/ceiplesfonts\/wp-content\/uploads\/usu2928\/2025\/04\/Llegenda_1r-1024x583.jpeg\" alt=\"\" width=\"1024\" height=\"583\" \/><\/p>\n<p>Ha estat un aprenentatge inoblidable!<\/p>\n<p>Esperem que ho hagueu gaudit tant com nosaltres!<\/p>\n","protected":false},"excerpt":{"rendered":"<p>Els nens i nenes de 1r han representat la llegenda de santa Jordina, el dimecres 23 d&#8217;abril per a tot l&#8217;alumnat de l&#8217;escola i avui divendres 25 per les fam\u00edlies.<br \/>\nHa estat una experi\u00e8ncia molt enriquidora tant per l&#8217;alumnat, que ha desenvolupat compet\u00e8ncies en comunicaci\u00f3 oral&hellip;  <a href=\"https:\/\/agora.xtec.cat\/ceiplesfonts\/primaria\/2\/llegenda-santa-jordina\/\" title=\"Read Llegenda Santa Jordina\">Llegeix m\u00e9s\u00bb<\/a><\/p>\n","protected":false},"author":39,"featured_media":0,"comment_status":"closed","ping_status":"closed","sticky":false,"template":"","format":"standard","meta":{"_bbp_topic_count":0,"_bbp_reply_count":0,"_bbp_total_topic_count":0,"_bbp_total_reply_count":0,"_bbp_voice_count":0,"_bbp_anonymous_reply_count":0,"_bbp_topic_count_hidden":0,"_bbp_reply_count_hidden":0,"_bbp_forum_subforum_count":0,"footnotes":""},"categories":[3],"tags":[],"class_list":["post-3042","post","type-post","status-publish","format-standard","hentry","category-3"],"post_mailing_queue_ids":[],"_links":{"self":[{"href":"https:\/\/agora.xtec.cat\/ceiplesfonts\/wp-json\/wp\/v2\/posts\/3042","targetHints":{"allow":["GET"]}}],"collection":[{"href":"https:\/\/agora.xtec.cat\/ceiplesfonts\/wp-json\/wp\/v2\/posts"}],"about":[{"href":"https:\/\/agora.xtec.cat\/ceiplesfonts\/wp-json\/wp\/v2\/types\/post"}],"author":[{"embeddable":true,"href":"https:\/\/agora.xtec.cat\/ceiplesfonts\/wp-json\/wp\/v2\/users\/39"}],"replies":[{"embeddable":true,"href":"https:\/\/agora.xtec.cat\/ceiplesfonts\/wp-json\/wp\/v2\/comments?post=3042"}],"version-history":[{"count":2,"href":"https:\/\/agora.xtec.cat\/ceiplesfonts\/wp-json\/wp\/v2\/posts\/3042\/revisions"}],"predecessor-version":[{"id":3054,"href":"https:\/\/agora.xtec.cat\/ceiplesfonts\/wp-json\/wp\/v2\/posts\/3042\/revisions\/3054"}],"wp:attachment":[{"href":"https:\/\/agora.xtec.cat\/ceiplesfonts\/wp-json\/wp\/v2\/media?parent=3042"}],"wp:term":[{"taxonomy":"category","embeddable":true,"href":"https:\/\/agora.xtec.cat\/ceiplesfonts\/wp-json\/wp\/v2\/categories?post=3042"},{"taxonomy":"post_tag","embeddable":true,"href":"https:\/\/agora.xtec.cat\/ceiplesfonts\/wp-json\/wp\/v2\/tags?post=3042"}],"curies":[{"name":"wp","href":"https:\/\/api.w.org\/{rel}","templated":true}]}}