{"id":3036,"date":"2025-04-24T15:56:32","date_gmt":"2025-04-24T13:56:32","guid":{"rendered":"https:\/\/agora.xtec.cat\/ceiplesfonts\/?p=3036"},"modified":"2025-04-24T15:56:32","modified_gmt":"2025-04-24T13:56:32","slug":"protagonistes-del-segon-trimestre","status":"publish","type":"post","link":"https:\/\/agora.xtec.cat\/ceiplesfonts\/infantil\/protagonistes-del-segon-trimestre\/","title":{"rendered":"PROTAGONISTES DEL SEGON TRIMESTRE"},"content":{"rendered":"<p>Bona tarda, fam\u00edlies,<\/p>\n<p>El segon trimestre ha estat moooooolt llarg i hem tingut un munt de protagonistes!<\/p>\n<p>Les seves fam\u00edlies han compartit amb nosaltres unes propostes l\u00fadiques i educatives ben boniques, i en aquest v\u00eddeo podeu gaudir d&#8217;un tastet de tot el que vam fer.<\/p>\n<p>Esperem que us agradi tant com a nosaltres.<\/p>\n<p>Moltes gr\u00e0cies a tots\/es per la vostra col\u00b7laboraci\u00f3.<\/p>\n<p>&nbsp;<\/p>\n<p>Cliqueu aquest enlla\u00e7 per poder veure el v\u00eddeo.<\/p>\n<p><a href=\"https:\/\/youtu.be\/ucZTQM7t7QU\">https:\/\/youtu.be\/ucZTQM7t7QU<\/a><\/p>\n","protected":false},"excerpt":{"rendered":"<p>Bona tarda, fam\u00edlies,<br \/>\nEl segon trimestre ha estat moooooolt llarg i hem tingut un munt de protagonistes!<br \/>\nLes seves fam\u00edlies han compartit amb nosaltres unes propostes l\u00fadiques i educatives ben boniques, i en aquest v\u00eddeo podeu gaudir d&#8217;un tastet de tot el que vam fer.<br \/>\nEsperem que us&hellip;  <a href=\"https:\/\/agora.xtec.cat\/ceiplesfonts\/infantil\/protagonistes-del-segon-trimestre\/\" title=\"Read PROTAGONISTES DEL SEGON TRIMESTRE\">Llegeix m\u00e9s\u00bb<\/a><\/p>\n","protected":false},"author":12,"featured_media":3041,"comment_status":"open","ping_status":"closed","sticky":false,"template":"","format":"standard","meta":{"_bbp_topic_count":0,"_bbp_reply_count":0,"_bbp_total_topic_count":0,"_bbp_total_reply_count":0,"_bbp_voice_count":0,"_bbp_anonymous_reply_count":0,"_bbp_topic_count_hidden":0,"_bbp_reply_count_hidden":0,"_bbp_forum_subforum_count":0,"footnotes":""},"categories":[114,2],"tags":[124,112,116,65],"class_list":["post-3036","post","type-post","status-publish","format-standard","has-post-thumbnail","hentry","category-infantil4","category-infantil","tag-djembe","tag-escola-les-fonts","tag-i3b","tag-infantil"],"post_mailing_queue_ids":[],"_links":{"self":[{"href":"https:\/\/agora.xtec.cat\/ceiplesfonts\/wp-json\/wp\/v2\/posts\/3036","targetHints":{"allow":["GET"]}}],"collection":[{"href":"https:\/\/agora.xtec.cat\/ceiplesfonts\/wp-json\/wp\/v2\/posts"}],"about":[{"href":"https:\/\/agora.xtec.cat\/ceiplesfonts\/wp-json\/wp\/v2\/types\/post"}],"author":[{"embeddable":true,"href":"https:\/\/agora.xtec.cat\/ceiplesfonts\/wp-json\/wp\/v2\/users\/12"}],"replies":[{"embeddable":true,"href":"https:\/\/agora.xtec.cat\/ceiplesfonts\/wp-json\/wp\/v2\/comments?post=3036"}],"version-history":[{"count":1,"href":"https:\/\/agora.xtec.cat\/ceiplesfonts\/wp-json\/wp\/v2\/posts\/3036\/revisions"}],"predecessor-version":[{"id":3037,"href":"https:\/\/agora.xtec.cat\/ceiplesfonts\/wp-json\/wp\/v2\/posts\/3036\/revisions\/3037"}],"wp:featuredmedia":[{"embeddable":true,"href":"https:\/\/agora.xtec.cat\/ceiplesfonts\/wp-json\/wp\/v2\/media\/3041"}],"wp:attachment":[{"href":"https:\/\/agora.xtec.cat\/ceiplesfonts\/wp-json\/wp\/v2\/media?parent=3036"}],"wp:term":[{"taxonomy":"category","embeddable":true,"href":"https:\/\/agora.xtec.cat\/ceiplesfonts\/wp-json\/wp\/v2\/categories?post=3036"},{"taxonomy":"post_tag","embeddable":true,"href":"https:\/\/agora.xtec.cat\/ceiplesfonts\/wp-json\/wp\/v2\/tags?post=3036"}],"curies":[{"name":"wp","href":"https:\/\/api.w.org\/{rel}","templated":true}]}}