{"id":3002,"date":"2025-03-26T14:45:30","date_gmt":"2025-03-26T13:45:30","guid":{"rendered":"https:\/\/agora.xtec.cat\/ceiplesfonts\/?p=3002"},"modified":"2025-03-26T14:49:17","modified_gmt":"2025-03-26T13:49:17","slug":"anem-dexcursio-al-cim-de-les-aligues","status":"publish","type":"post","link":"https:\/\/agora.xtec.cat\/ceiplesfonts\/general\/anem-dexcursio-al-cim-de-les-aligues\/","title":{"rendered":"Anem d&#8217;excursi\u00f3 al Cim de les \u00c0ligues"},"content":{"rendered":"<p>Hola, fam\u00edlies!<\/p>\n<p>Aquest dimarts 25 de mar\u00e7, els i les alumnes de primer vam anar d&#8217;excursi\u00f3 el Cim de les \u00c0ligues. Aquesta sortida ens va permetre con\u00e8ixer de prop les aus rapinyaires que estem treballant a l&#8217;escola, i el que m\u00e9s ens va sorprendre, va ser poder veure com al\u00e7aven el vol i com volaven de molt a prop.<\/p>\n<p>Despr\u00e9s vam anar a dinar al Parc de Can Rius i vam poder jugar una estona, abans que arrib\u00e9s la pluja i torn\u00e9ssim a l&#8217;escola.<\/p>\n<p>Va ser un dia molt divertit!<\/p>\n<p>Us deixem una foto que ens vam fer just abans de veure volar les aus!<img loading=\"lazy\" decoding=\"async\" class=\"aligncenter size-large wp-image-3003\" src=\"https:\/\/agora.xtec.cat\/ceiplesfonts\/wp-content\/uploads\/usu2928\/2025\/03\/Cim-aligues-1024x768.jpeg\" alt=\"\" width=\"1024\" height=\"768\" srcset=\"https:\/\/agora.xtec.cat\/ceiplesfonts\/wp-content\/uploads\/usu2928\/2025\/03\/Cim-aligues-1024x768.jpeg 1024w, https:\/\/agora.xtec.cat\/ceiplesfonts\/wp-content\/uploads\/usu2928\/2025\/03\/Cim-aligues-300x225.jpeg 300w, https:\/\/agora.xtec.cat\/ceiplesfonts\/wp-content\/uploads\/usu2928\/2025\/03\/Cim-aligues-768x576.jpeg 768w, https:\/\/agora.xtec.cat\/ceiplesfonts\/wp-content\/uploads\/usu2928\/2025\/03\/Cim-aligues-1536x1152.jpeg 1536w, https:\/\/agora.xtec.cat\/ceiplesfonts\/wp-content\/uploads\/usu2928\/2025\/03\/Cim-aligues-200x150.jpeg 200w, https:\/\/agora.xtec.cat\/ceiplesfonts\/wp-content\/uploads\/usu2928\/2025\/03\/Cim-aligues.jpeg 2048w\" sizes=\"auto, (max-width: 1024px) 100vw, 1024px\" \/><\/p>\n","protected":false},"excerpt":{"rendered":"<p>Hola, fam\u00edlies!<br \/>\nAquest dimarts 25 de mar\u00e7, els i les alumnes de primer vam anar d&#8217;excursi\u00f3 el Cim de les \u00c0ligues. Aquesta sortida ens va permetre con\u00e8ixer de prop les aus rapinyaires que estem treballant a l&#8217;escola, i el que m\u00e9s ens va sorprendre, va ser&hellip;  <a href=\"https:\/\/agora.xtec.cat\/ceiplesfonts\/general\/anem-dexcursio-al-cim-de-les-aligues\/\" title=\"Read Anem d&#8217;excursi\u00f3 al Cim de les \u00c0ligues\">Llegeix m\u00e9s\u00bb<\/a><\/p>\n","protected":false},"author":39,"featured_media":0,"comment_status":"closed","ping_status":"closed","sticky":false,"template":"","format":"standard","meta":{"_bbp_topic_count":0,"_bbp_reply_count":0,"_bbp_total_topic_count":0,"_bbp_total_reply_count":0,"_bbp_voice_count":0,"_bbp_anonymous_reply_count":0,"_bbp_topic_count_hidden":0,"_bbp_reply_count_hidden":0,"_bbp_forum_subforum_count":0,"footnotes":""},"categories":[3,1],"tags":[],"class_list":["post-3002","post","type-post","status-publish","format-standard","hentry","category-3","category-general"],"post_mailing_queue_ids":[],"_links":{"self":[{"href":"https:\/\/agora.xtec.cat\/ceiplesfonts\/wp-json\/wp\/v2\/posts\/3002","targetHints":{"allow":["GET"]}}],"collection":[{"href":"https:\/\/agora.xtec.cat\/ceiplesfonts\/wp-json\/wp\/v2\/posts"}],"about":[{"href":"https:\/\/agora.xtec.cat\/ceiplesfonts\/wp-json\/wp\/v2\/types\/post"}],"author":[{"embeddable":true,"href":"https:\/\/agora.xtec.cat\/ceiplesfonts\/wp-json\/wp\/v2\/users\/39"}],"replies":[{"embeddable":true,"href":"https:\/\/agora.xtec.cat\/ceiplesfonts\/wp-json\/wp\/v2\/comments?post=3002"}],"version-history":[{"count":2,"href":"https:\/\/agora.xtec.cat\/ceiplesfonts\/wp-json\/wp\/v2\/posts\/3002\/revisions"}],"predecessor-version":[{"id":3005,"href":"https:\/\/agora.xtec.cat\/ceiplesfonts\/wp-json\/wp\/v2\/posts\/3002\/revisions\/3005"}],"wp:attachment":[{"href":"https:\/\/agora.xtec.cat\/ceiplesfonts\/wp-json\/wp\/v2\/media?parent=3002"}],"wp:term":[{"taxonomy":"category","embeddable":true,"href":"https:\/\/agora.xtec.cat\/ceiplesfonts\/wp-json\/wp\/v2\/categories?post=3002"},{"taxonomy":"post_tag","embeddable":true,"href":"https:\/\/agora.xtec.cat\/ceiplesfonts\/wp-json\/wp\/v2\/tags?post=3002"}],"curies":[{"name":"wp","href":"https:\/\/api.w.org\/{rel}","templated":true}]}}