{"id":2964,"date":"2025-02-24T16:39:08","date_gmt":"2025-02-24T15:39:08","guid":{"rendered":"https:\/\/agora.xtec.cat\/ceiplesfonts\/?p=2964"},"modified":"2025-02-24T16:39:08","modified_gmt":"2025-02-24T15:39:08","slug":"setmana-de-carnestoltes","status":"publish","type":"post","link":"https:\/\/agora.xtec.cat\/ceiplesfonts\/primaria\/2\/setmana-de-carnestoltes\/","title":{"rendered":"Setmana de carnestoltes"},"content":{"rendered":"<p>Bon dia, fam\u00edlies!!<\/p>\n<p>Hem comen\u00e7at la setmana m\u00e9s esbojarrada del curs, avui hem vingut a l&#8217;escola ben elegants, tal com ens van manar els ajudants del rei carnestoltes el divendres passat.<\/p>\n<p>Ja estem preparats per venir dem\u00e0 en pijama i aix\u00ed poder dormir una mica m\u00e9s&#8230;<\/p>\n<p>Que tingueu molt bona setmana de carnaval, la setmana que tot s&#8217;hi val si ens portem com cal \ud83d\ude42<\/p>\n<p><img loading=\"lazy\" decoding=\"async\" class=\"aligncenter size-large wp-image-2965\" src=\"https:\/\/agora.xtec.cat\/ceiplesfonts\/wp-content\/uploads\/usu2928\/2025\/02\/ELEGANTS-1024x768.jpeg\" alt=\"\" width=\"1024\" height=\"768\" srcset=\"https:\/\/agora.xtec.cat\/ceiplesfonts\/wp-content\/uploads\/usu2928\/2025\/02\/ELEGANTS-1024x768.jpeg 1024w, https:\/\/agora.xtec.cat\/ceiplesfonts\/wp-content\/uploads\/usu2928\/2025\/02\/ELEGANTS-300x225.jpeg 300w, https:\/\/agora.xtec.cat\/ceiplesfonts\/wp-content\/uploads\/usu2928\/2025\/02\/ELEGANTS-768x576.jpeg 768w, https:\/\/agora.xtec.cat\/ceiplesfonts\/wp-content\/uploads\/usu2928\/2025\/02\/ELEGANTS-1536x1152.jpeg 1536w, https:\/\/agora.xtec.cat\/ceiplesfonts\/wp-content\/uploads\/usu2928\/2025\/02\/ELEGANTS-200x150.jpeg 200w, https:\/\/agora.xtec.cat\/ceiplesfonts\/wp-content\/uploads\/usu2928\/2025\/02\/ELEGANTS.jpeg 1600w\" sizes=\"auto, (max-width: 1024px) 100vw, 1024px\" \/><\/p>\n","protected":false},"excerpt":{"rendered":"<p>Bon dia, fam\u00edlies!!<br \/>\nHem comen\u00e7at la setmana m\u00e9s esbojarrada del curs, avui hem vingut a l&#8217;escola ben elegants, tal com ens van manar els ajudants del rei carnestoltes el divendres passat.<br \/>\nJa estem preparats per venir dem\u00e0 en pijama i aix\u00ed poder dormir una mica m\u00e9s&#8230;<br \/>\nQue tingueu&hellip;  <a href=\"https:\/\/agora.xtec.cat\/ceiplesfonts\/primaria\/2\/setmana-de-carnestoltes\/\" title=\"Read Setmana de carnestoltes\">Llegeix m\u00e9s\u00bb<\/a><\/p>\n","protected":false},"author":39,"featured_media":0,"comment_status":"closed","ping_status":"closed","sticky":false,"template":"","format":"standard","meta":{"_bbp_topic_count":0,"_bbp_reply_count":0,"_bbp_total_topic_count":0,"_bbp_total_reply_count":0,"_bbp_voice_count":0,"_bbp_anonymous_reply_count":0,"_bbp_topic_count_hidden":0,"_bbp_reply_count_hidden":0,"_bbp_forum_subforum_count":0,"footnotes":""},"categories":[3],"tags":[],"class_list":["post-2964","post","type-post","status-publish","format-standard","hentry","category-3"],"post_mailing_queue_ids":[],"_links":{"self":[{"href":"https:\/\/agora.xtec.cat\/ceiplesfonts\/wp-json\/wp\/v2\/posts\/2964","targetHints":{"allow":["GET"]}}],"collection":[{"href":"https:\/\/agora.xtec.cat\/ceiplesfonts\/wp-json\/wp\/v2\/posts"}],"about":[{"href":"https:\/\/agora.xtec.cat\/ceiplesfonts\/wp-json\/wp\/v2\/types\/post"}],"author":[{"embeddable":true,"href":"https:\/\/agora.xtec.cat\/ceiplesfonts\/wp-json\/wp\/v2\/users\/39"}],"replies":[{"embeddable":true,"href":"https:\/\/agora.xtec.cat\/ceiplesfonts\/wp-json\/wp\/v2\/comments?post=2964"}],"version-history":[{"count":1,"href":"https:\/\/agora.xtec.cat\/ceiplesfonts\/wp-json\/wp\/v2\/posts\/2964\/revisions"}],"predecessor-version":[{"id":2966,"href":"https:\/\/agora.xtec.cat\/ceiplesfonts\/wp-json\/wp\/v2\/posts\/2964\/revisions\/2966"}],"wp:attachment":[{"href":"https:\/\/agora.xtec.cat\/ceiplesfonts\/wp-json\/wp\/v2\/media?parent=2964"}],"wp:term":[{"taxonomy":"category","embeddable":true,"href":"https:\/\/agora.xtec.cat\/ceiplesfonts\/wp-json\/wp\/v2\/categories?post=2964"},{"taxonomy":"post_tag","embeddable":true,"href":"https:\/\/agora.xtec.cat\/ceiplesfonts\/wp-json\/wp\/v2\/tags?post=2964"}],"curies":[{"name":"wp","href":"https:\/\/api.w.org\/{rel}","templated":true}]}}