{"id":2889,"date":"2025-02-08T19:53:31","date_gmt":"2025-02-08T18:53:31","guid":{"rendered":"https:\/\/agora.xtec.cat\/ceiplesfonts\/?p=2889"},"modified":"2025-02-08T19:55:41","modified_gmt":"2025-02-08T18:55:41","slug":"els-instruments-musicals","status":"publish","type":"post","link":"https:\/\/agora.xtec.cat\/ceiplesfonts\/general\/els-instruments-musicals\/","title":{"rendered":"ELS INSTRUMENTS MUSICALS"},"content":{"rendered":"<p>Aquest curs, treballem de fil conductor de PERIPLUS. Concretament els grups de segon de prim\u00e0ria son les classes de les Guitarres i Pianos \/ Guitarristes i Pianistes! S\u00f3n instruments molt importants de la fam\u00edlia de la corda pin\u00e7ada i percudida respectivament.<\/p>\n<p>A les sessions de m\u00fasica, hem descobert diferents instruments musicals que hem portat de casa. Hi ha de tot tipus, tan d&#8217;el\u00e8ctrics com d&#8217;ac\u00fastics, de vent, de corda i de percussi\u00f3; alguns de joguina i d&#8217;altres no: teclats electr\u00f2nics, violoncel, guitarres el\u00e8ctriques, ac\u00fastiques o el\u00e8ctriques, ukeleles, harm\u00f2niques&#8230; \u00c9s molt enriquidor poder veure d&#8217;aprop i escoltar tants instruments diferents!<\/p>\n<p><a href=\"https:\/\/agora.xtec.cat\/ceiplesfonts\/wp-content\/uploads\/usu2928\/2025\/02\/Unknown.jpeg\"><img loading=\"lazy\" decoding=\"async\" class=\"aligncenter wp-image-2890\" src=\"https:\/\/agora.xtec.cat\/ceiplesfonts\/wp-content\/uploads\/usu2928\/2025\/02\/Unknown.jpeg\" alt=\"\" width=\"1170\" height=\"1170\" srcset=\"https:\/\/agora.xtec.cat\/ceiplesfonts\/wp-content\/uploads\/usu2928\/2025\/02\/Unknown.jpeg 2048w, https:\/\/agora.xtec.cat\/ceiplesfonts\/wp-content\/uploads\/usu2928\/2025\/02\/Unknown-300x300.jpeg 300w, https:\/\/agora.xtec.cat\/ceiplesfonts\/wp-content\/uploads\/usu2928\/2025\/02\/Unknown-1024x1024.jpeg 1024w, https:\/\/agora.xtec.cat\/ceiplesfonts\/wp-content\/uploads\/usu2928\/2025\/02\/Unknown-150x150.jpeg 150w, https:\/\/agora.xtec.cat\/ceiplesfonts\/wp-content\/uploads\/usu2928\/2025\/02\/Unknown-768x768.jpeg 768w, https:\/\/agora.xtec.cat\/ceiplesfonts\/wp-content\/uploads\/usu2928\/2025\/02\/Unknown-1536x1536.jpeg 1536w\" sizes=\"auto, (max-width: 1170px) 100vw, 1170px\" \/><\/a> <a href=\"https:\/\/agora.xtec.cat\/ceiplesfonts\/wp-content\/uploads\/usu2928\/2025\/02\/Unknown2.jpeg\"><img loading=\"lazy\" decoding=\"async\" class=\"aligncenter wp-image-2891\" src=\"https:\/\/agora.xtec.cat\/ceiplesfonts\/wp-content\/uploads\/usu2928\/2025\/02\/Unknown2.jpeg\" alt=\"\" width=\"1044\" height=\"1186\" srcset=\"https:\/\/agora.xtec.cat\/ceiplesfonts\/wp-content\/uploads\/usu2928\/2025\/02\/Unknown2.jpeg 1803w, https:\/\/agora.xtec.cat\/ceiplesfonts\/wp-content\/uploads\/usu2928\/2025\/02\/Unknown2-264x300.jpeg 264w, https:\/\/agora.xtec.cat\/ceiplesfonts\/wp-content\/uploads\/usu2928\/2025\/02\/Unknown2-902x1024.jpeg 902w, https:\/\/agora.xtec.cat\/ceiplesfonts\/wp-content\/uploads\/usu2928\/2025\/02\/Unknown2-768x872.jpeg 768w, https:\/\/agora.xtec.cat\/ceiplesfonts\/wp-content\/uploads\/usu2928\/2025\/02\/Unknown2-1352x1536.jpeg 1352w\" sizes=\"auto, (max-width: 1044px) 100vw, 1044px\" \/><\/a><\/p>\n<p>&nbsp;<\/p>\n","protected":false},"excerpt":{"rendered":"<p>Aquest curs, treballem de fil conductor de PERIPLUS. Concretament els grups de segon de prim\u00e0ria son les classes de les Guitarres i Pianos \/ Guitarristes i Pianistes! S\u00f3n instruments molt importants de la fam\u00edlia de la corda pin\u00e7ada i percudida respectivament.<br \/>\nA les sessions de m\u00fasica,&hellip;  <a href=\"https:\/\/agora.xtec.cat\/ceiplesfonts\/general\/els-instruments-musicals\/\" title=\"Read ELS INSTRUMENTS MUSICALS\">Llegeix m\u00e9s\u00bb<\/a><\/p>\n","protected":false},"author":1,"featured_media":2891,"comment_status":"closed","ping_status":"closed","sticky":false,"template":"","format":"standard","meta":{"_bbp_topic_count":0,"_bbp_reply_count":0,"_bbp_total_topic_count":0,"_bbp_total_reply_count":0,"_bbp_voice_count":0,"_bbp_anonymous_reply_count":0,"_bbp_topic_count_hidden":0,"_bbp_reply_count_hidden":0,"_bbp_forum_subforum_count":0,"footnotes":""},"categories":[8,1,5],"tags":[],"class_list":["post-2889","post","type-post","status-publish","format-standard","has-post-thumbnail","hentry","category-8","category-general","category-primaria"],"post_mailing_queue_ids":[],"_links":{"self":[{"href":"https:\/\/agora.xtec.cat\/ceiplesfonts\/wp-json\/wp\/v2\/posts\/2889","targetHints":{"allow":["GET"]}}],"collection":[{"href":"https:\/\/agora.xtec.cat\/ceiplesfonts\/wp-json\/wp\/v2\/posts"}],"about":[{"href":"https:\/\/agora.xtec.cat\/ceiplesfonts\/wp-json\/wp\/v2\/types\/post"}],"author":[{"embeddable":true,"href":"https:\/\/agora.xtec.cat\/ceiplesfonts\/wp-json\/wp\/v2\/users\/1"}],"replies":[{"embeddable":true,"href":"https:\/\/agora.xtec.cat\/ceiplesfonts\/wp-json\/wp\/v2\/comments?post=2889"}],"version-history":[{"count":3,"href":"https:\/\/agora.xtec.cat\/ceiplesfonts\/wp-json\/wp\/v2\/posts\/2889\/revisions"}],"predecessor-version":[{"id":2894,"href":"https:\/\/agora.xtec.cat\/ceiplesfonts\/wp-json\/wp\/v2\/posts\/2889\/revisions\/2894"}],"wp:featuredmedia":[{"embeddable":true,"href":"https:\/\/agora.xtec.cat\/ceiplesfonts\/wp-json\/wp\/v2\/media\/2891"}],"wp:attachment":[{"href":"https:\/\/agora.xtec.cat\/ceiplesfonts\/wp-json\/wp\/v2\/media?parent=2889"}],"wp:term":[{"taxonomy":"category","embeddable":true,"href":"https:\/\/agora.xtec.cat\/ceiplesfonts\/wp-json\/wp\/v2\/categories?post=2889"},{"taxonomy":"post_tag","embeddable":true,"href":"https:\/\/agora.xtec.cat\/ceiplesfonts\/wp-json\/wp\/v2\/tags?post=2889"}],"curies":[{"name":"wp","href":"https:\/\/api.w.org\/{rel}","templated":true}]}}