{"id":2880,"date":"2025-02-08T13:26:38","date_gmt":"2025-02-08T12:26:38","guid":{"rendered":"https:\/\/agora.xtec.cat\/ceiplesfonts\/?p=2880"},"modified":"2025-02-08T13:29:05","modified_gmt":"2025-02-08T12:29:05","slug":"la-llegenda-de-larc-de-sant-marti-denip2025","status":"publish","type":"post","link":"https:\/\/agora.xtec.cat\/ceiplesfonts\/general\/la-llegenda-de-larc-de-sant-marti-denip2025\/","title":{"rendered":"LA LLEGENDA DE L&#8217;ARC DE SANT MART\u00cd  #DENIP2025"},"content":{"rendered":"<p>Ja podeu gaudir del v\u00eddeos de les representacions teatrals de &#8220;La Llegenda de l&#8217;Arc de Sant Mart\u00ed&#8221; protagonitzades per l&#8217;alumnat d&#8217;I5. Enhorabona a tots i totes per la feina feta! Visca la Pau!<\/p>\n<p><iframe loading=\"lazy\" title=\"YouTube video player\" src=\"https:\/\/www.youtube.com\/embed\/3sJEqE_MjRI?si=9NBFLkL5ndMHp4R3\" width=\"760\" height=\"415\" frameborder=\"0\" allowfullscreen=\"allowfullscreen\"><\/iframe><\/p>\n<p><iframe loading=\"lazy\" width=\"760\" height=\"415\" src=\"https:\/\/www.youtube.com\/embed\/3PmT9T06ev0?si=-VjU6CkXeq2tssVm\" title=\"YouTube video player\" frameborder=\"0\" allow=\"accelerometer; autoplay; clipboard-write; encrypted-media; gyroscope; picture-in-picture; web-share\" referrerpolicy=\"strict-origin-when-cross-origin\" allowfullscreen><\/iframe><\/p>\n","protected":false},"excerpt":{"rendered":"<p>Ja podeu gaudir del v\u00eddeos de les representacions teatrals de &#8220;La Llegenda de l&#8217;Arc de Sant Mart\u00ed&#8221; protagonitzades per l&#8217;alumnat d&#8217;I5. Enhorabona a tots i totes per la feina feta! Visca la Pau!<\/p>\n","protected":false},"author":1,"featured_media":2881,"comment_status":"closed","ping_status":"closed","sticky":false,"template":"","format":"standard","meta":{"_bbp_topic_count":0,"_bbp_reply_count":0,"_bbp_total_topic_count":0,"_bbp_total_reply_count":0,"_bbp_voice_count":0,"_bbp_anonymous_reply_count":0,"_bbp_topic_count_hidden":0,"_bbp_reply_count_hidden":0,"_bbp_forum_subforum_count":0,"footnotes":""},"categories":[85,1],"tags":[],"class_list":["post-2880","post","type-post","status-publish","format-standard","has-post-thumbnail","hentry","category-85","category-general"],"post_mailing_queue_ids":[],"_links":{"self":[{"href":"https:\/\/agora.xtec.cat\/ceiplesfonts\/wp-json\/wp\/v2\/posts\/2880","targetHints":{"allow":["GET"]}}],"collection":[{"href":"https:\/\/agora.xtec.cat\/ceiplesfonts\/wp-json\/wp\/v2\/posts"}],"about":[{"href":"https:\/\/agora.xtec.cat\/ceiplesfonts\/wp-json\/wp\/v2\/types\/post"}],"author":[{"embeddable":true,"href":"https:\/\/agora.xtec.cat\/ceiplesfonts\/wp-json\/wp\/v2\/users\/1"}],"replies":[{"embeddable":true,"href":"https:\/\/agora.xtec.cat\/ceiplesfonts\/wp-json\/wp\/v2\/comments?post=2880"}],"version-history":[{"count":2,"href":"https:\/\/agora.xtec.cat\/ceiplesfonts\/wp-json\/wp\/v2\/posts\/2880\/revisions"}],"predecessor-version":[{"id":2883,"href":"https:\/\/agora.xtec.cat\/ceiplesfonts\/wp-json\/wp\/v2\/posts\/2880\/revisions\/2883"}],"wp:featuredmedia":[{"embeddable":true,"href":"https:\/\/agora.xtec.cat\/ceiplesfonts\/wp-json\/wp\/v2\/media\/2881"}],"wp:attachment":[{"href":"https:\/\/agora.xtec.cat\/ceiplesfonts\/wp-json\/wp\/v2\/media?parent=2880"}],"wp:term":[{"taxonomy":"category","embeddable":true,"href":"https:\/\/agora.xtec.cat\/ceiplesfonts\/wp-json\/wp\/v2\/categories?post=2880"},{"taxonomy":"post_tag","embeddable":true,"href":"https:\/\/agora.xtec.cat\/ceiplesfonts\/wp-json\/wp\/v2\/tags?post=2880"}],"curies":[{"name":"wp","href":"https:\/\/api.w.org\/{rel}","templated":true}]}}