{"id":2845,"date":"2025-01-20T10:29:30","date_gmt":"2025-01-20T09:29:30","guid":{"rendered":"https:\/\/agora.xtec.cat\/ceiplesfonts\/?p=2845"},"modified":"2025-01-20T10:30:41","modified_gmt":"2025-01-20T09:30:41","slug":"treballem-amb-lenergia","status":"publish","type":"post","link":"https:\/\/agora.xtec.cat\/ceiplesfonts\/primaria\/treballem-amb-lenergia\/","title":{"rendered":"Treballem amb l&#8217;energia"},"content":{"rendered":"<p>D&#8217;aqu\u00ed uns dies anirem a fer un taller de fen\u00f2mens el\u00e8ctrics al CosmoCaixa. Per\u00f2 no volem quedar-nos enrera i estem descobrint que els elecctrons s\u00f3n els responsables del corrent el\u00e8ctric. Podeu veure com actua l&#8217;energia est\u00e0tica quan el globus es carrega negativament i vol un electr\u00f3 del nostre cabell.<a href=\"https:\/\/agora.xtec.cat\/ceiplesfonts\/wp-content\/uploads\/usu2928\/2025\/01\/WhatsApp-Image-2025-01-17-at-10.15.10.jpeg\"><img loading=\"lazy\" decoding=\"async\" class=\"aligncenter size-full wp-image-2846\" src=\"https:\/\/agora.xtec.cat\/ceiplesfonts\/wp-content\/uploads\/usu2928\/2025\/01\/WhatsApp-Image-2025-01-17-at-10.15.10.jpeg\" alt=\"\" width=\"1600\" height=\"1200\" srcset=\"https:\/\/agora.xtec.cat\/ceiplesfonts\/wp-content\/uploads\/usu2928\/2025\/01\/WhatsApp-Image-2025-01-17-at-10.15.10.jpeg 1600w, https:\/\/agora.xtec.cat\/ceiplesfonts\/wp-content\/uploads\/usu2928\/2025\/01\/WhatsApp-Image-2025-01-17-at-10.15.10-300x225.jpeg 300w, https:\/\/agora.xtec.cat\/ceiplesfonts\/wp-content\/uploads\/usu2928\/2025\/01\/WhatsApp-Image-2025-01-17-at-10.15.10-1024x768.jpeg 1024w, https:\/\/agora.xtec.cat\/ceiplesfonts\/wp-content\/uploads\/usu2928\/2025\/01\/WhatsApp-Image-2025-01-17-at-10.15.10-768x576.jpeg 768w, https:\/\/agora.xtec.cat\/ceiplesfonts\/wp-content\/uploads\/usu2928\/2025\/01\/WhatsApp-Image-2025-01-17-at-10.15.10-1536x1152.jpeg 1536w, https:\/\/agora.xtec.cat\/ceiplesfonts\/wp-content\/uploads\/usu2928\/2025\/01\/WhatsApp-Image-2025-01-17-at-10.15.10-200x150.jpeg 200w\" sizes=\"auto, (max-width: 1600px) 100vw, 1600px\" \/><\/a><\/p>\n","protected":false},"excerpt":{"rendered":"<p>D&#8217;aqu\u00ed uns dies anirem a fer un taller de fen\u00f2mens el\u00e8ctrics al CosmoCaixa. Per\u00f2 no volem quedar-nos enrera i estem descobrint que els elecctrons s\u00f3n els responsables del corrent el\u00e8ctric. Podeu veure com actua l&#8217;energia est\u00e0tica quan el globus es carrega negativament i vol un&hellip;  <a href=\"https:\/\/agora.xtec.cat\/ceiplesfonts\/primaria\/treballem-amb-lenergia\/\" title=\"Read Treballem amb l&#8217;energia\">Llegeix m\u00e9s\u00bb<\/a><\/p>\n","protected":false},"author":1,"featured_media":0,"comment_status":"closed","ping_status":"closed","sticky":false,"template":"","format":"standard","meta":{"_bbp_topic_count":0,"_bbp_reply_count":0,"_bbp_total_topic_count":0,"_bbp_total_reply_count":0,"_bbp_voice_count":0,"_bbp_anonymous_reply_count":0,"_bbp_topic_count_hidden":0,"_bbp_reply_count_hidden":0,"_bbp_forum_subforum_count":0,"footnotes":""},"categories":[11,5],"tags":[],"class_list":["post-2845","post","type-post","status-publish","format-standard","hentry","category-11","category-primaria"],"post_mailing_queue_ids":[],"_links":{"self":[{"href":"https:\/\/agora.xtec.cat\/ceiplesfonts\/wp-json\/wp\/v2\/posts\/2845","targetHints":{"allow":["GET"]}}],"collection":[{"href":"https:\/\/agora.xtec.cat\/ceiplesfonts\/wp-json\/wp\/v2\/posts"}],"about":[{"href":"https:\/\/agora.xtec.cat\/ceiplesfonts\/wp-json\/wp\/v2\/types\/post"}],"author":[{"embeddable":true,"href":"https:\/\/agora.xtec.cat\/ceiplesfonts\/wp-json\/wp\/v2\/users\/1"}],"replies":[{"embeddable":true,"href":"https:\/\/agora.xtec.cat\/ceiplesfonts\/wp-json\/wp\/v2\/comments?post=2845"}],"version-history":[{"count":2,"href":"https:\/\/agora.xtec.cat\/ceiplesfonts\/wp-json\/wp\/v2\/posts\/2845\/revisions"}],"predecessor-version":[{"id":2848,"href":"https:\/\/agora.xtec.cat\/ceiplesfonts\/wp-json\/wp\/v2\/posts\/2845\/revisions\/2848"}],"wp:attachment":[{"href":"https:\/\/agora.xtec.cat\/ceiplesfonts\/wp-json\/wp\/v2\/media?parent=2845"}],"wp:term":[{"taxonomy":"category","embeddable":true,"href":"https:\/\/agora.xtec.cat\/ceiplesfonts\/wp-json\/wp\/v2\/categories?post=2845"},{"taxonomy":"post_tag","embeddable":true,"href":"https:\/\/agora.xtec.cat\/ceiplesfonts\/wp-json\/wp\/v2\/tags?post=2845"}],"curies":[{"name":"wp","href":"https:\/\/api.w.org\/{rel}","templated":true}]}}