{"id":2788,"date":"2024-12-17T14:50:48","date_gmt":"2024-12-17T13:50:48","guid":{"rendered":"https:\/\/agora.xtec.cat\/ceiplesfonts\/?p=2788"},"modified":"2024-12-20T23:19:44","modified_gmt":"2024-12-20T22:19:44","slug":"i3b-protagonistes-1r-trimestre","status":"publish","type":"post","link":"https:\/\/agora.xtec.cat\/ceiplesfonts\/infantil\/i3b-protagonistes-1r-trimestre\/","title":{"rendered":"I3 PROTAGONISTES 1r TRIMESTRE"},"content":{"rendered":"<p>Hola fam\u00edlies,<\/p>\n<p>Aqu\u00ed podeu veure el v\u00eddeo de les diferents propostes art\u00edstiques, que van fer les fam\u00edlies dels protagonistes del primer trimestre.<\/p>\n<p>Volem agrair la seva col\u00b7laboraci\u00f3 i esperem que en gaudiu, tant com ho vam fer nosaltres.<\/p>\n<p><iframe loading=\"lazy\" title=\"YouTube video player\" src=\"https:\/\/www.youtube.com\/embed\/-xRLgTN7ECc?si=wCKm_CCqaYrEkbR9\" width=\"760\" height=\"415\" frameborder=\"0\" allowfullscreen=\"allowfullscreen\"><span data-mce-type=\"bookmark\" style=\"display: inline-block; width: 0px; overflow: hidden; line-height: 0;\" class=\"mce_SELRES_start\">\ufeff<\/span><\/iframe><\/p>\n<p><iframe loading=\"lazy\" title=\"YouTube video player\" src=\"https:\/\/www.youtube.com\/embed\/owpEaQ2wraA?si=CfW08kYDqpXYQlXE\" width=\"760\" height=\"415\" frameborder=\"0\"><\/iframe><\/p>\n","protected":false},"excerpt":{"rendered":"<p>Hola fam\u00edlies,<br \/>\nAqu\u00ed podeu veure el v\u00eddeo de les diferents propostes art\u00edstiques, que van fer les fam\u00edlies dels protagonistes del primer trimestre.<br \/>\nVolem agrair la seva col\u00b7laboraci\u00f3 i esperem que en gaudiu, tant com ho vam fer nosaltres.<br \/>\n\ufeff<\/p>\n","protected":false},"author":12,"featured_media":0,"comment_status":"closed","ping_status":"closed","sticky":false,"template":"","format":"standard","meta":{"_bbp_topic_count":0,"_bbp_reply_count":0,"_bbp_total_topic_count":0,"_bbp_total_reply_count":0,"_bbp_voice_count":0,"_bbp_anonymous_reply_count":0,"_bbp_topic_count_hidden":0,"_bbp_reply_count_hidden":0,"_bbp_forum_subforum_count":0,"footnotes":""},"categories":[114,2],"tags":[112,116,65,90],"class_list":["post-2788","post","type-post","status-publish","format-standard","hentry","category-infantil4","category-infantil","tag-escola-les-fonts","tag-i3b","tag-infantil","tag-protagonistes"],"post_mailing_queue_ids":[],"_links":{"self":[{"href":"https:\/\/agora.xtec.cat\/ceiplesfonts\/wp-json\/wp\/v2\/posts\/2788","targetHints":{"allow":["GET"]}}],"collection":[{"href":"https:\/\/agora.xtec.cat\/ceiplesfonts\/wp-json\/wp\/v2\/posts"}],"about":[{"href":"https:\/\/agora.xtec.cat\/ceiplesfonts\/wp-json\/wp\/v2\/types\/post"}],"author":[{"embeddable":true,"href":"https:\/\/agora.xtec.cat\/ceiplesfonts\/wp-json\/wp\/v2\/users\/12"}],"replies":[{"embeddable":true,"href":"https:\/\/agora.xtec.cat\/ceiplesfonts\/wp-json\/wp\/v2\/comments?post=2788"}],"version-history":[{"count":5,"href":"https:\/\/agora.xtec.cat\/ceiplesfonts\/wp-json\/wp\/v2\/posts\/2788\/revisions"}],"predecessor-version":[{"id":2799,"href":"https:\/\/agora.xtec.cat\/ceiplesfonts\/wp-json\/wp\/v2\/posts\/2788\/revisions\/2799"}],"wp:attachment":[{"href":"https:\/\/agora.xtec.cat\/ceiplesfonts\/wp-json\/wp\/v2\/media?parent=2788"}],"wp:term":[{"taxonomy":"category","embeddable":true,"href":"https:\/\/agora.xtec.cat\/ceiplesfonts\/wp-json\/wp\/v2\/categories?post=2788"},{"taxonomy":"post_tag","embeddable":true,"href":"https:\/\/agora.xtec.cat\/ceiplesfonts\/wp-json\/wp\/v2\/tags?post=2788"}],"curies":[{"name":"wp","href":"https:\/\/api.w.org\/{rel}","templated":true}]}}