{"id":2768,"date":"2024-11-28T14:38:48","date_gmt":"2024-11-28T13:38:48","guid":{"rendered":"https:\/\/agora.xtec.cat\/ceiplesfonts\/?p=2768"},"modified":"2024-11-28T14:38:48","modified_gmt":"2024-11-28T13:38:48","slug":"sortida-a-la-fageda","status":"publish","type":"post","link":"https:\/\/agora.xtec.cat\/ceiplesfonts\/primaria\/2\/sortida-a-la-fageda\/","title":{"rendered":"SORTIDA A LA FAGEDA"},"content":{"rendered":"<p>Divendres passat, dia 22 de novembre, vam anar d&#8217;excursi\u00f3 a la Fageda. All\u00e0 vam poder con\u00e8ixer el projecte social dels Iogurts La Fageda i el proc\u00e9s d&#8217;elaboraci\u00f3, i vam veure les vaques i la granja. A m\u00e9s, vam estar en contacte amb l&#8217;entorn natural de la Fageda de&#8217;n Jord\u00e0 a la comarca de la Garrotxa.<\/p>\n<p>El temps ens va acompanyar molt i vam poder gaudir d&#8217;un molt bon dia a l&#8217;aire lliure.<\/p>\n<p>Us deixem un v\u00eddeoresum de la sortida, esperem que el gaudiu!<\/p>\n<p><iframe loading=\"lazy\" title=\"SORTIDA A &quot;LA FAGEDA&quot; 1r\" width=\"500\" height=\"281\" src=\"https:\/\/www.youtube.com\/embed\/hUeaf_INyaI?feature=oembed\" frameborder=\"0\" allow=\"accelerometer; autoplay; clipboard-write; encrypted-media; gyroscope; picture-in-picture; web-share\" referrerpolicy=\"strict-origin-when-cross-origin\" allowfullscreen><\/iframe><\/p>\n","protected":false},"excerpt":{"rendered":"<p>Divendres passat, dia 22 de novembre, vam anar d&#8217;excursi\u00f3 a la Fageda. All\u00e0 vam poder con\u00e8ixer el projecte social dels Iogurts La Fageda i el proc\u00e9s d&#8217;elaboraci\u00f3, i vam veure les vaques i la granja. A m\u00e9s, vam estar en contacte amb l&#8217;entorn natural de&hellip;  <a href=\"https:\/\/agora.xtec.cat\/ceiplesfonts\/primaria\/2\/sortida-a-la-fageda\/\" title=\"Read SORTIDA A LA FAGEDA\">Llegeix m\u00e9s\u00bb<\/a><\/p>\n","protected":false},"author":39,"featured_media":0,"comment_status":"closed","ping_status":"closed","sticky":false,"template":"","format":"standard","meta":{"_bbp_topic_count":0,"_bbp_reply_count":0,"_bbp_total_topic_count":0,"_bbp_total_reply_count":0,"_bbp_voice_count":0,"_bbp_anonymous_reply_count":0,"_bbp_topic_count_hidden":0,"_bbp_reply_count_hidden":0,"_bbp_forum_subforum_count":0,"footnotes":""},"categories":[3],"tags":[],"class_list":["post-2768","post","type-post","status-publish","format-standard","hentry","category-3"],"post_mailing_queue_ids":[],"_links":{"self":[{"href":"https:\/\/agora.xtec.cat\/ceiplesfonts\/wp-json\/wp\/v2\/posts\/2768","targetHints":{"allow":["GET"]}}],"collection":[{"href":"https:\/\/agora.xtec.cat\/ceiplesfonts\/wp-json\/wp\/v2\/posts"}],"about":[{"href":"https:\/\/agora.xtec.cat\/ceiplesfonts\/wp-json\/wp\/v2\/types\/post"}],"author":[{"embeddable":true,"href":"https:\/\/agora.xtec.cat\/ceiplesfonts\/wp-json\/wp\/v2\/users\/39"}],"replies":[{"embeddable":true,"href":"https:\/\/agora.xtec.cat\/ceiplesfonts\/wp-json\/wp\/v2\/comments?post=2768"}],"version-history":[{"count":2,"href":"https:\/\/agora.xtec.cat\/ceiplesfonts\/wp-json\/wp\/v2\/posts\/2768\/revisions"}],"predecessor-version":[{"id":2770,"href":"https:\/\/agora.xtec.cat\/ceiplesfonts\/wp-json\/wp\/v2\/posts\/2768\/revisions\/2770"}],"wp:attachment":[{"href":"https:\/\/agora.xtec.cat\/ceiplesfonts\/wp-json\/wp\/v2\/media?parent=2768"}],"wp:term":[{"taxonomy":"category","embeddable":true,"href":"https:\/\/agora.xtec.cat\/ceiplesfonts\/wp-json\/wp\/v2\/categories?post=2768"},{"taxonomy":"post_tag","embeddable":true,"href":"https:\/\/agora.xtec.cat\/ceiplesfonts\/wp-json\/wp\/v2\/tags?post=2768"}],"curies":[{"name":"wp","href":"https:\/\/api.w.org\/{rel}","templated":true}]}}