{"id":2741,"date":"2024-11-13T17:48:15","date_gmt":"2024-11-13T16:48:15","guid":{"rendered":"https:\/\/agora.xtec.cat\/ceiplesfonts\/?p=2741"},"modified":"2024-11-13T17:48:15","modified_gmt":"2024-11-13T16:48:15","slug":"padrins-es-lectors-i-lectores","status":"publish","type":"post","link":"https:\/\/agora.xtec.cat\/ceiplesfonts\/primaria\/2\/padrins-es-lectors-i-lectores\/","title":{"rendered":"Padrins\/es lectors i lectores"},"content":{"rendered":"<p>Hola fam\u00edlies,<\/p>\n<p>Aquesta setmana hem comen\u00e7at a llegir<span style=\"font-family: inherit; font-size: 1em;\"> amb els nostres padrins i padrines lectors\/es de sis\u00e8. \u00c9s una estona molt agradable on els m\u00e9s grans de l&#8217;escola ens ajuden amb la lectura i ens contagien aquest gust lector. <\/span><\/p>\n<p><span style=\"font-family: inherit; font-size: 1em;\">Ha estat molt bonic comen\u00e7ar a compartir aquesta estona i de ben segur que al llarg del curs podrem aprendre molt entre nosaltres.<\/span><\/p>\n<p><img loading=\"lazy\" decoding=\"async\" class=\"aligncenter size-large wp-image-2742\" src=\"https:\/\/agora.xtec.cat\/ceiplesfonts\/wp-content\/uploads\/usu2928\/2024\/11\/Sense-titol-297-x-210-mm-1024x724.jpg\" alt=\"\" width=\"1024\" height=\"724\" srcset=\"https:\/\/agora.xtec.cat\/ceiplesfonts\/wp-content\/uploads\/usu2928\/2024\/11\/Sense-titol-297-x-210-mm-1024x724.jpg 1024w, https:\/\/agora.xtec.cat\/ceiplesfonts\/wp-content\/uploads\/usu2928\/2024\/11\/Sense-titol-297-x-210-mm-300x212.jpg 300w, https:\/\/agora.xtec.cat\/ceiplesfonts\/wp-content\/uploads\/usu2928\/2024\/11\/Sense-titol-297-x-210-mm-768x543.jpg 768w, https:\/\/agora.xtec.cat\/ceiplesfonts\/wp-content\/uploads\/usu2928\/2024\/11\/Sense-titol-297-x-210-mm-1536x1086.jpg 1536w, https:\/\/agora.xtec.cat\/ceiplesfonts\/wp-content\/uploads\/usu2928\/2024\/11\/Sense-titol-297-x-210-mm.jpg 2000w\" sizes=\"auto, (max-width: 1024px) 100vw, 1024px\" \/><\/p>\n","protected":false},"excerpt":{"rendered":"<p>Hola fam\u00edlies,<br \/>\nAquesta setmana hem comen\u00e7at a llegir amb els nostres padrins i padrines lectors\/es de sis\u00e8. \u00c9s una estona molt agradable on els m\u00e9s grans de l&#8217;escola ens ajuden amb la lectura i ens contagien aquest gust lector.<br \/>\nHa estat molt bonic comen\u00e7ar a compartir&hellip;  <a href=\"https:\/\/agora.xtec.cat\/ceiplesfonts\/primaria\/2\/padrins-es-lectors-i-lectores\/\" title=\"Read Padrins\/es lectors i lectores\">Llegeix m\u00e9s\u00bb<\/a><\/p>\n","protected":false},"author":39,"featured_media":0,"comment_status":"closed","ping_status":"closed","sticky":false,"template":"","format":"standard","meta":{"_bbp_topic_count":0,"_bbp_reply_count":0,"_bbp_total_topic_count":0,"_bbp_total_reply_count":0,"_bbp_voice_count":0,"_bbp_anonymous_reply_count":0,"_bbp_topic_count_hidden":0,"_bbp_reply_count_hidden":0,"_bbp_forum_subforum_count":0,"footnotes":""},"categories":[3,12],"tags":[],"class_list":["post-2741","post","type-post","status-publish","format-standard","hentry","category-3","category-promo25"],"post_mailing_queue_ids":[],"_links":{"self":[{"href":"https:\/\/agora.xtec.cat\/ceiplesfonts\/wp-json\/wp\/v2\/posts\/2741","targetHints":{"allow":["GET"]}}],"collection":[{"href":"https:\/\/agora.xtec.cat\/ceiplesfonts\/wp-json\/wp\/v2\/posts"}],"about":[{"href":"https:\/\/agora.xtec.cat\/ceiplesfonts\/wp-json\/wp\/v2\/types\/post"}],"author":[{"embeddable":true,"href":"https:\/\/agora.xtec.cat\/ceiplesfonts\/wp-json\/wp\/v2\/users\/39"}],"replies":[{"embeddable":true,"href":"https:\/\/agora.xtec.cat\/ceiplesfonts\/wp-json\/wp\/v2\/comments?post=2741"}],"version-history":[{"count":2,"href":"https:\/\/agora.xtec.cat\/ceiplesfonts\/wp-json\/wp\/v2\/posts\/2741\/revisions"}],"predecessor-version":[{"id":2744,"href":"https:\/\/agora.xtec.cat\/ceiplesfonts\/wp-json\/wp\/v2\/posts\/2741\/revisions\/2744"}],"wp:attachment":[{"href":"https:\/\/agora.xtec.cat\/ceiplesfonts\/wp-json\/wp\/v2\/media?parent=2741"}],"wp:term":[{"taxonomy":"category","embeddable":true,"href":"https:\/\/agora.xtec.cat\/ceiplesfonts\/wp-json\/wp\/v2\/categories?post=2741"},{"taxonomy":"post_tag","embeddable":true,"href":"https:\/\/agora.xtec.cat\/ceiplesfonts\/wp-json\/wp\/v2\/tags?post=2741"}],"curies":[{"name":"wp","href":"https:\/\/api.w.org\/{rel}","templated":true}]}}