{"id":2723,"date":"2024-10-24T09:49:29","date_gmt":"2024-10-24T07:49:29","guid":{"rendered":"https:\/\/agora.xtec.cat\/ceiplesfonts\/?p=2723"},"modified":"2024-10-24T09:49:29","modified_gmt":"2024-10-24T07:49:29","slug":"i4-sortida-a-el-xaragall","status":"publish","type":"post","link":"https:\/\/agora.xtec.cat\/ceiplesfonts\/infantil\/infantil5\/i4-sortida-a-el-xaragall\/","title":{"rendered":"I4 SORTIDA A &#8220;EL XARAGALL&#8221;"},"content":{"rendered":"<p>Benvolgudes fam\u00edlies,<\/p>\n<p>Les nenes i els nens d&#8217;I4 i I5 hem anat a fer la verema a <em>El Xaragall<\/em> (Llinars del Vall\u00e8s).<br \/>\nHem visitat les vinyes, hem tastat el ra\u00efm, l\u2019hem trepitjat i l\u2019hem posat a la premsa per fer el most.<br \/>\nPer acabar, hem anat a veure els animals de la granja.<br \/>\nL\u2019excursi\u00f3 ha estat molt completa, perqu\u00e8 despr\u00e9s de tot aix\u00f2 encara hem pogut jugar una bona estona.<br \/>\nEn el seg\u00fcent v\u00eddeo podeu veure un recull de tot el que hem fet durant aquest dia!!<\/p>\n<p>Ens ho hem passat molt b\u00e9!!!!<\/p>\n<p><iframe loading=\"lazy\" title=\"SORTIDA EL XARAGALL I4 CURS 24 25\" width=\"500\" height=\"281\" src=\"https:\/\/www.youtube.com\/embed\/-sopfbwtcC0?feature=oembed\" frameborder=\"0\" allow=\"accelerometer; autoplay; clipboard-write; encrypted-media; gyroscope; picture-in-picture; web-share\" referrerpolicy=\"strict-origin-when-cross-origin\" allowfullscreen><\/iframe><\/p>\n<p>&nbsp;<\/p>\n","protected":false},"excerpt":{"rendered":"<p>Benvolgudes fam\u00edlies,<br \/>\nLes nenes i els nens d&#8217;I4 i I5 hem anat a fer la verema a El Xaragall (Llinars del Vall\u00e8s).<br \/>\nHem visitat les vinyes, hem tastat el ra\u00efm, l\u2019hem trepitjat i l\u2019hem posat a la premsa per fer el most.<br \/>\nPer acabar, hem anat a veure&hellip;  <a href=\"https:\/\/agora.xtec.cat\/ceiplesfonts\/infantil\/infantil5\/i4-sortida-a-el-xaragall\/\" title=\"Read I4 SORTIDA A &#8220;EL XARAGALL&#8221;\">Llegeix m\u00e9s\u00bb<\/a><\/p>\n","protected":false},"author":31,"featured_media":0,"comment_status":"closed","ping_status":"closed","sticky":false,"template":"","format":"standard","meta":{"_bbp_topic_count":0,"_bbp_reply_count":0,"_bbp_total_topic_count":0,"_bbp_total_reply_count":0,"_bbp_voice_count":0,"_bbp_anonymous_reply_count":0,"_bbp_topic_count_hidden":0,"_bbp_reply_count_hidden":0,"_bbp_forum_subforum_count":0,"footnotes":""},"categories":[96],"tags":[122,105,121,120,101,65,119],"class_list":["post-2723","post","type-post","status-publish","format-standard","hentry","category-infantil5","tag-1r-trimestre","tag-argentona","tag-curs-24-25","tag-el-xaragall","tag-i4","tag-infantil","tag-la-verema"],"post_mailing_queue_ids":[],"_links":{"self":[{"href":"https:\/\/agora.xtec.cat\/ceiplesfonts\/wp-json\/wp\/v2\/posts\/2723","targetHints":{"allow":["GET"]}}],"collection":[{"href":"https:\/\/agora.xtec.cat\/ceiplesfonts\/wp-json\/wp\/v2\/posts"}],"about":[{"href":"https:\/\/agora.xtec.cat\/ceiplesfonts\/wp-json\/wp\/v2\/types\/post"}],"author":[{"embeddable":true,"href":"https:\/\/agora.xtec.cat\/ceiplesfonts\/wp-json\/wp\/v2\/users\/31"}],"replies":[{"embeddable":true,"href":"https:\/\/agora.xtec.cat\/ceiplesfonts\/wp-json\/wp\/v2\/comments?post=2723"}],"version-history":[{"count":2,"href":"https:\/\/agora.xtec.cat\/ceiplesfonts\/wp-json\/wp\/v2\/posts\/2723\/revisions"}],"predecessor-version":[{"id":2725,"href":"https:\/\/agora.xtec.cat\/ceiplesfonts\/wp-json\/wp\/v2\/posts\/2723\/revisions\/2725"}],"wp:attachment":[{"href":"https:\/\/agora.xtec.cat\/ceiplesfonts\/wp-json\/wp\/v2\/media?parent=2723"}],"wp:term":[{"taxonomy":"category","embeddable":true,"href":"https:\/\/agora.xtec.cat\/ceiplesfonts\/wp-json\/wp\/v2\/categories?post=2723"},{"taxonomy":"post_tag","embeddable":true,"href":"https:\/\/agora.xtec.cat\/ceiplesfonts\/wp-json\/wp\/v2\/tags?post=2723"}],"curies":[{"name":"wp","href":"https:\/\/api.w.org\/{rel}","templated":true}]}}