{"id":2529,"date":"2024-05-29T08:26:17","date_gmt":"2024-05-29T06:26:17","guid":{"rendered":"https:\/\/agora.xtec.cat\/ceiplesfonts\/?p=2529"},"modified":"2024-05-29T08:26:17","modified_gmt":"2024-05-29T06:26:17","slug":"projecte-demprenedoria-cueme-5e","status":"publish","type":"post","link":"https:\/\/agora.xtec.cat\/ceiplesfonts\/promocions\/promo25\/projecte-demprenedoria-cueme-5e\/","title":{"rendered":"Projecte d&#8217;Emprenedoria CUEME 5\u00e8"},"content":{"rendered":"<p>L&#8217; alumnat de 5\u00e8 ha tingut l&#8217;oportunitat de participar al Projecte d&#8217;Emprenedoria CUEME en el qual despr\u00e9s de la venta dels nostres productes al mercat d&#8217;Argentona, hem pogut destinar els nostres beneficis a la Fundaci\u00f3 Mona.<\/p>\n<p><iframe loading=\"lazy\" title=\"YouTube video player\" src=\"https:\/\/www.youtube.com\/embed\/qb7N12FKTtU?si=oWJi98cOHfVQ_XvY\" width=\"560\" height=\"315\" frameborder=\"0\"><\/iframe><\/p>\n","protected":false},"excerpt":{"rendered":"<p>L&#8217; alumnat de 5\u00e8 ha tingut l&#8217;oportunitat de participar al Projecte d&#8217;Emprenedoria CUEME en el qual despr\u00e9s de la venta dels nostres productes al mercat d&#8217;Argentona, hem pogut destinar els nostres beneficis a la Fundaci\u00f3 Mona.<\/p>\n","protected":false},"author":6,"featured_media":2530,"comment_status":"closed","ping_status":"closed","sticky":false,"template":"","format":"standard","meta":{"_bbp_topic_count":0,"_bbp_reply_count":0,"_bbp_total_topic_count":0,"_bbp_total_reply_count":0,"_bbp_voice_count":0,"_bbp_anonymous_reply_count":0,"_bbp_topic_count_hidden":0,"_bbp_reply_count_hidden":0,"_bbp_forum_subforum_count":0,"footnotes":""},"categories":[12],"tags":[106,103],"class_list":["post-2529","post","type-post","status-publish","format-standard","has-post-thumbnail","hentry","category-promo25","tag-5e","tag-curs-2023-2024"],"post_mailing_queue_ids":[],"_links":{"self":[{"href":"https:\/\/agora.xtec.cat\/ceiplesfonts\/wp-json\/wp\/v2\/posts\/2529","targetHints":{"allow":["GET"]}}],"collection":[{"href":"https:\/\/agora.xtec.cat\/ceiplesfonts\/wp-json\/wp\/v2\/posts"}],"about":[{"href":"https:\/\/agora.xtec.cat\/ceiplesfonts\/wp-json\/wp\/v2\/types\/post"}],"author":[{"embeddable":true,"href":"https:\/\/agora.xtec.cat\/ceiplesfonts\/wp-json\/wp\/v2\/users\/6"}],"replies":[{"embeddable":true,"href":"https:\/\/agora.xtec.cat\/ceiplesfonts\/wp-json\/wp\/v2\/comments?post=2529"}],"version-history":[{"count":3,"href":"https:\/\/agora.xtec.cat\/ceiplesfonts\/wp-json\/wp\/v2\/posts\/2529\/revisions"}],"predecessor-version":[{"id":2536,"href":"https:\/\/agora.xtec.cat\/ceiplesfonts\/wp-json\/wp\/v2\/posts\/2529\/revisions\/2536"}],"wp:featuredmedia":[{"embeddable":true,"href":"https:\/\/agora.xtec.cat\/ceiplesfonts\/wp-json\/wp\/v2\/media\/2530"}],"wp:attachment":[{"href":"https:\/\/agora.xtec.cat\/ceiplesfonts\/wp-json\/wp\/v2\/media?parent=2529"}],"wp:term":[{"taxonomy":"category","embeddable":true,"href":"https:\/\/agora.xtec.cat\/ceiplesfonts\/wp-json\/wp\/v2\/categories?post=2529"},{"taxonomy":"post_tag","embeddable":true,"href":"https:\/\/agora.xtec.cat\/ceiplesfonts\/wp-json\/wp\/v2\/tags?post=2529"}],"curies":[{"name":"wp","href":"https:\/\/api.w.org\/{rel}","templated":true}]}}