{"id":2515,"date":"2024-05-27T08:54:40","date_gmt":"2024-05-27T06:54:40","guid":{"rendered":"https:\/\/agora.xtec.cat\/ceiplesfonts\/?p=2515"},"modified":"2024-05-27T08:54:40","modified_gmt":"2024-05-27T06:54:40","slug":"excursio-a-laula-apicola-de-can-parcala","status":"publish","type":"post","link":"https:\/\/agora.xtec.cat\/ceiplesfonts\/primaria\/1\/excursio-a-laula-apicola-de-can-parcala\/","title":{"rendered":"EXCURSI\u00d3 A L\u2019AULA AP\u00cdCOLA DE CAN PARCALA"},"content":{"rendered":"<p>El passat 14 de maig, els infants d\u2019I4, de les classes dels cotxes i de la furgoneta, v\u00e0rem anar d\u2019excursi\u00f3 a Can Parcala a con\u00e8ixer de prop el fant\u00e0stic m\u00f3n de les abelles.<\/p>\n<p>Ens han explicat la import\u00e0ncia que tenen per la conservaci\u00f3 del nostre planeta.<br \/>\nLa natura \u00e9s s\u00e0via, TOTS JUNTS L\u2019HEM D\u2019ESTIMAR I CUIDAR.<\/p>\n<p>Hem apr\u00e8s un munt de coses.<br \/>\nEns ho hem passat molt b\u00e9!!!!!<\/p>\n<p><iframe loading=\"lazy\" title=\"EXCURSI\u00d3 CAN PARCALA I4 A ESCOLA LES FONTS ARGENTONA\" width=\"500\" height=\"375\" src=\"https:\/\/www.youtube.com\/embed\/kDDP79GOuLQ?feature=oembed\" frameborder=\"0\" allow=\"accelerometer; autoplay; clipboard-write; encrypted-media; gyroscope; picture-in-picture; web-share\" referrerpolicy=\"strict-origin-when-cross-origin\" allowfullscreen><\/iframe><\/p>\n<p><iframe loading=\"lazy\" title=\"EXCURSIO A L&#039;AULA AP\u00cdCOLA DE CAN PARCALA\" width=\"500\" height=\"375\" src=\"https:\/\/www.youtube.com\/embed\/PE3ELNBFv2M?feature=oembed\" frameborder=\"0\" allow=\"accelerometer; autoplay; clipboard-write; encrypted-media; gyroscope; picture-in-picture; web-share\" referrerpolicy=\"strict-origin-when-cross-origin\" allowfullscreen><\/iframe><\/p>\n","protected":false},"excerpt":{"rendered":"<p>El passat 14 de maig, els infants d\u2019I4, de les classes dels cotxes i de la furgoneta, v\u00e0rem anar d\u2019excursi\u00f3 a Can Parcala a con\u00e8ixer de prop el fant\u00e0stic m\u00f3n de les abelles.<br \/>\nEns han explicat la import\u00e0ncia que tenen per la conservaci\u00f3 del nostre planeta.<br \/>\nLa&hellip;  <a href=\"https:\/\/agora.xtec.cat\/ceiplesfonts\/primaria\/1\/excursio-a-laula-apicola-de-can-parcala\/\" title=\"Read EXCURSI\u00d3 A L\u2019AULA AP\u00cdCOLA DE CAN PARCALA\">Llegeix m\u00e9s\u00bb<\/a><\/p>\n","protected":false},"author":1,"featured_media":2524,"comment_status":"closed","ping_status":"closed","sticky":false,"template":"","format":"standard","meta":{"_bbp_topic_count":0,"_bbp_reply_count":0,"_bbp_total_topic_count":0,"_bbp_total_reply_count":0,"_bbp_voice_count":0,"_bbp_anonymous_reply_count":0,"_bbp_topic_count_hidden":0,"_bbp_reply_count_hidden":0,"_bbp_forum_subforum_count":0,"footnotes":""},"categories":[85],"tags":[105,102,110,101,65,74],"class_list":["post-2515","post","type-post","status-publish","format-standard","has-post-thumbnail","hentry","category-85","tag-argentona","tag-curs-23-24","tag-excursio-a-can-parcala","tag-i4","tag-infantil","tag-les-fonts"],"post_mailing_queue_ids":[],"_links":{"self":[{"href":"https:\/\/agora.xtec.cat\/ceiplesfonts\/wp-json\/wp\/v2\/posts\/2515","targetHints":{"allow":["GET"]}}],"collection":[{"href":"https:\/\/agora.xtec.cat\/ceiplesfonts\/wp-json\/wp\/v2\/posts"}],"about":[{"href":"https:\/\/agora.xtec.cat\/ceiplesfonts\/wp-json\/wp\/v2\/types\/post"}],"author":[{"embeddable":true,"href":"https:\/\/agora.xtec.cat\/ceiplesfonts\/wp-json\/wp\/v2\/users\/1"}],"replies":[{"embeddable":true,"href":"https:\/\/agora.xtec.cat\/ceiplesfonts\/wp-json\/wp\/v2\/comments?post=2515"}],"version-history":[{"count":2,"href":"https:\/\/agora.xtec.cat\/ceiplesfonts\/wp-json\/wp\/v2\/posts\/2515\/revisions"}],"predecessor-version":[{"id":2525,"href":"https:\/\/agora.xtec.cat\/ceiplesfonts\/wp-json\/wp\/v2\/posts\/2515\/revisions\/2525"}],"wp:featuredmedia":[{"embeddable":true,"href":"https:\/\/agora.xtec.cat\/ceiplesfonts\/wp-json\/wp\/v2\/media\/2524"}],"wp:attachment":[{"href":"https:\/\/agora.xtec.cat\/ceiplesfonts\/wp-json\/wp\/v2\/media?parent=2515"}],"wp:term":[{"taxonomy":"category","embeddable":true,"href":"https:\/\/agora.xtec.cat\/ceiplesfonts\/wp-json\/wp\/v2\/categories?post=2515"},{"taxonomy":"post_tag","embeddable":true,"href":"https:\/\/agora.xtec.cat\/ceiplesfonts\/wp-json\/wp\/v2\/tags?post=2515"}],"curies":[{"name":"wp","href":"https:\/\/api.w.org\/{rel}","templated":true}]}}