{"id":2512,"date":"2024-05-22T13:07:49","date_gmt":"2024-05-22T11:07:49","guid":{"rendered":"https:\/\/agora.xtec.cat\/ceiplesfonts\/?p=2512"},"modified":"2024-05-22T13:07:49","modified_gmt":"2024-05-22T11:07:49","slug":"cantania-2024-naufragi-5e","status":"publish","type":"post","link":"https:\/\/agora.xtec.cat\/ceiplesfonts\/general\/cantania-2024-naufragi-5e\/","title":{"rendered":"CANT\u00c0NIA 2024 &#8220;NAUFRAGI&#8221; (5\u00e8)"},"content":{"rendered":"<p>El diumenge 12 de maig l&#8217;alumnat de 5\u00e8 va participar a l&#8217;espectacle &#8220;Naufragi&#8221; del projecte de Cant\u00e0nia d&#8217;aquest curs. Van gaudir molt\u00edssim a l&#8217;escenari del Teatre Monumental de Matar\u00f3 i van fer una molt bona feina! Agra\u00efment a totes les persones i entitats que fan possible aquest projecte tan m\u00e0gic.<\/p>\n<p><a href=\"https:\/\/agora.xtec.cat\/ceiplesfonts\/wp-content\/uploads\/usu2928\/2024\/05\/1715622994885.jpg\"><img loading=\"lazy\" decoding=\"async\" class=\"alignnone size-large wp-image-2496\" src=\"https:\/\/agora.xtec.cat\/ceiplesfonts\/wp-content\/uploads\/usu2928\/2024\/05\/1715622994885-1024x701.jpg\" alt=\"\" width=\"1024\" height=\"701\" srcset=\"https:\/\/agora.xtec.cat\/ceiplesfonts\/wp-content\/uploads\/usu2928\/2024\/05\/1715622994885-1024x701.jpg 1024w, https:\/\/agora.xtec.cat\/ceiplesfonts\/wp-content\/uploads\/usu2928\/2024\/05\/1715622994885-300x205.jpg 300w, https:\/\/agora.xtec.cat\/ceiplesfonts\/wp-content\/uploads\/usu2928\/2024\/05\/1715622994885-768x526.jpg 768w, https:\/\/agora.xtec.cat\/ceiplesfonts\/wp-content\/uploads\/usu2928\/2024\/05\/1715622994885.jpg 1104w\" sizes=\"auto, (max-width: 1024px) 100vw, 1024px\" \/><\/a><\/p>\n<p><a href=\"https:\/\/agora.xtec.cat\/ceiplesfonts\/wp-content\/uploads\/usu2928\/2024\/05\/1715623152239.jpg\"><img loading=\"lazy\" decoding=\"async\" class=\"alignnone size-large wp-image-2492\" src=\"https:\/\/agora.xtec.cat\/ceiplesfonts\/wp-content\/uploads\/usu2928\/2024\/05\/1715623152239-1024x576.jpg\" alt=\"\" width=\"1024\" height=\"576\" srcset=\"https:\/\/agora.xtec.cat\/ceiplesfonts\/wp-content\/uploads\/usu2928\/2024\/05\/1715623152239-1024x576.jpg 1024w, https:\/\/agora.xtec.cat\/ceiplesfonts\/wp-content\/uploads\/usu2928\/2024\/05\/1715623152239-300x169.jpg 300w, https:\/\/agora.xtec.cat\/ceiplesfonts\/wp-content\/uploads\/usu2928\/2024\/05\/1715623152239-768x432.jpg 768w, https:\/\/agora.xtec.cat\/ceiplesfonts\/wp-content\/uploads\/usu2928\/2024\/05\/1715623152239-1536x864.jpg 1536w, https:\/\/agora.xtec.cat\/ceiplesfonts\/wp-content\/uploads\/usu2928\/2024\/05\/1715623152239.jpg 2048w\" sizes=\"auto, (max-width: 1024px) 100vw, 1024px\" \/><\/a><\/p>\n<p><a href=\"https:\/\/agora.xtec.cat\/ceiplesfonts\/wp-content\/uploads\/usu2928\/2024\/05\/1715623152246.jpg\"><img loading=\"lazy\" decoding=\"async\" class=\"alignnone size-large wp-image-2493\" src=\"https:\/\/agora.xtec.cat\/ceiplesfonts\/wp-content\/uploads\/usu2928\/2024\/05\/1715623152246-1024x576.jpg\" alt=\"\" width=\"1024\" height=\"576\" srcset=\"https:\/\/agora.xtec.cat\/ceiplesfonts\/wp-content\/uploads\/usu2928\/2024\/05\/1715623152246-1024x576.jpg 1024w, https:\/\/agora.xtec.cat\/ceiplesfonts\/wp-content\/uploads\/usu2928\/2024\/05\/1715623152246-300x169.jpg 300w, https:\/\/agora.xtec.cat\/ceiplesfonts\/wp-content\/uploads\/usu2928\/2024\/05\/1715623152246-768x432.jpg 768w, https:\/\/agora.xtec.cat\/ceiplesfonts\/wp-content\/uploads\/usu2928\/2024\/05\/1715623152246-1536x864.jpg 1536w, https:\/\/agora.xtec.cat\/ceiplesfonts\/wp-content\/uploads\/usu2928\/2024\/05\/1715623152246.jpg 2048w\" sizes=\"auto, (max-width: 1024px) 100vw, 1024px\" \/><\/a><\/p>\n<p><a href=\"https:\/\/agora.xtec.cat\/ceiplesfonts\/wp-content\/uploads\/usu2928\/2024\/05\/1715623152252.jpg\"><img loading=\"lazy\" decoding=\"async\" class=\"alignnone size-large wp-image-2494\" src=\"https:\/\/agora.xtec.cat\/ceiplesfonts\/wp-content\/uploads\/usu2928\/2024\/05\/1715623152252-1024x576.jpg\" alt=\"\" width=\"1024\" height=\"576\" srcset=\"https:\/\/agora.xtec.cat\/ceiplesfonts\/wp-content\/uploads\/usu2928\/2024\/05\/1715623152252-1024x576.jpg 1024w, https:\/\/agora.xtec.cat\/ceiplesfonts\/wp-content\/uploads\/usu2928\/2024\/05\/1715623152252-300x169.jpg 300w, https:\/\/agora.xtec.cat\/ceiplesfonts\/wp-content\/uploads\/usu2928\/2024\/05\/1715623152252-768x432.jpg 768w, https:\/\/agora.xtec.cat\/ceiplesfonts\/wp-content\/uploads\/usu2928\/2024\/05\/1715623152252-1536x864.jpg 1536w, https:\/\/agora.xtec.cat\/ceiplesfonts\/wp-content\/uploads\/usu2928\/2024\/05\/1715623152252.jpg 2048w\" sizes=\"auto, (max-width: 1024px) 100vw, 1024px\" \/><\/a><\/p>\n<p><a href=\"https:\/\/agora.xtec.cat\/ceiplesfonts\/wp-content\/uploads\/usu2928\/2022\/02\/logos-cantania.png\"><img loading=\"lazy\" decoding=\"async\" class=\"aligncenter size-large wp-image-788\" src=\"https:\/\/agora.xtec.cat\/ceiplesfonts\/wp-content\/uploads\/usu2928\/2022\/02\/logos-cantania-1024x123.png\" alt=\"\" width=\"1024\" height=\"123\" srcset=\"https:\/\/agora.xtec.cat\/ceiplesfonts\/wp-content\/uploads\/usu2928\/2022\/02\/logos-cantania-1024x123.png 1024w, https:\/\/agora.xtec.cat\/ceiplesfonts\/wp-content\/uploads\/usu2928\/2022\/02\/logos-cantania-300x36.png 300w, https:\/\/agora.xtec.cat\/ceiplesfonts\/wp-content\/uploads\/usu2928\/2022\/02\/logos-cantania-768x92.png 768w, https:\/\/agora.xtec.cat\/ceiplesfonts\/wp-content\/uploads\/usu2928\/2022\/02\/logos-cantania-1536x184.png 1536w, https:\/\/agora.xtec.cat\/ceiplesfonts\/wp-content\/uploads\/usu2928\/2022\/02\/logos-cantania-2048x246.png 2048w\" sizes=\"auto, (max-width: 1024px) 100vw, 1024px\" \/><\/a><\/p>\n","protected":false},"excerpt":{"rendered":"<p>El diumenge 12 de maig l&#8217;alumnat de 5\u00e8 va participar a l&#8217;espectacle &#8220;Naufragi&#8221; del projecte de Cant\u00e0nia d&#8217;aquest curs. Van gaudir molt\u00edssim a l&#8217;escenari del Teatre Monumental de Matar\u00f3 i van fer una molt bona feina! Agra\u00efment a totes les persones i entitats que fan&hellip;  <a href=\"https:\/\/agora.xtec.cat\/ceiplesfonts\/general\/cantania-2024-naufragi-5e\/\" title=\"Read CANT\u00c0NIA 2024 &#8220;NAUFRAGI&#8221; (5\u00e8)\">Llegeix m\u00e9s\u00bb<\/a><\/p>\n","protected":false},"author":1,"featured_media":2494,"comment_status":"closed","ping_status":"closed","sticky":false,"template":"","format":"standard","meta":{"_bbp_topic_count":0,"_bbp_reply_count":0,"_bbp_total_topic_count":0,"_bbp_total_reply_count":0,"_bbp_voice_count":0,"_bbp_anonymous_reply_count":0,"_bbp_topic_count_hidden":0,"_bbp_reply_count_hidden":0,"_bbp_forum_subforum_count":0,"footnotes":""},"categories":[1,4],"tags":[],"class_list":["post-2512","post","type-post","status-publish","format-standard","has-post-thumbnail","hentry","category-general","category-portada"],"post_mailing_queue_ids":[],"_links":{"self":[{"href":"https:\/\/agora.xtec.cat\/ceiplesfonts\/wp-json\/wp\/v2\/posts\/2512","targetHints":{"allow":["GET"]}}],"collection":[{"href":"https:\/\/agora.xtec.cat\/ceiplesfonts\/wp-json\/wp\/v2\/posts"}],"about":[{"href":"https:\/\/agora.xtec.cat\/ceiplesfonts\/wp-json\/wp\/v2\/types\/post"}],"author":[{"embeddable":true,"href":"https:\/\/agora.xtec.cat\/ceiplesfonts\/wp-json\/wp\/v2\/users\/1"}],"replies":[{"embeddable":true,"href":"https:\/\/agora.xtec.cat\/ceiplesfonts\/wp-json\/wp\/v2\/comments?post=2512"}],"version-history":[{"count":1,"href":"https:\/\/agora.xtec.cat\/ceiplesfonts\/wp-json\/wp\/v2\/posts\/2512\/revisions"}],"predecessor-version":[{"id":2513,"href":"https:\/\/agora.xtec.cat\/ceiplesfonts\/wp-json\/wp\/v2\/posts\/2512\/revisions\/2513"}],"wp:featuredmedia":[{"embeddable":true,"href":"https:\/\/agora.xtec.cat\/ceiplesfonts\/wp-json\/wp\/v2\/media\/2494"}],"wp:attachment":[{"href":"https:\/\/agora.xtec.cat\/ceiplesfonts\/wp-json\/wp\/v2\/media?parent=2512"}],"wp:term":[{"taxonomy":"category","embeddable":true,"href":"https:\/\/agora.xtec.cat\/ceiplesfonts\/wp-json\/wp\/v2\/categories?post=2512"},{"taxonomy":"post_tag","embeddable":true,"href":"https:\/\/agora.xtec.cat\/ceiplesfonts\/wp-json\/wp\/v2\/tags?post=2512"}],"curies":[{"name":"wp","href":"https:\/\/api.w.org\/{rel}","templated":true}]}}