{"id":2502,"date":"2024-05-22T12:56:15","date_gmt":"2024-05-22T10:56:15","guid":{"rendered":"https:\/\/agora.xtec.cat\/ceiplesfonts\/?p=2502"},"modified":"2024-05-22T13:09:51","modified_gmt":"2024-05-22T11:09:51","slug":"projecte-la-clika-2024-2n","status":"publish","type":"post","link":"https:\/\/agora.xtec.cat\/ceiplesfonts\/general\/projecte-la-clika-2024-2n\/","title":{"rendered":"PROJECTE LA CLIKA 2024 (2n)"},"content":{"rendered":"<p>La cantata de <strong>la Clika<\/strong> \u00e9s un projecte impulsat per Les Cases de la M\u00fasica que pret\u00e9n generar afici\u00f3 per la m\u00fasica, apropar les arts esc\u00e8niques a les escoles i treballar valors universals com la solidaritat, la comunitat o la diversitat. Aquest curs 23-24 ha estat el tercer cop que les escoles d&#8217;Argentona han dut a terme el projecte que va culminar en el concert final el passat 7 de maig al Teatre La Sala.<\/p>\n<p><a href=\"https:\/\/agora.xtec.cat\/ceiplesfonts\/wp-content\/uploads\/usu2928\/2022\/02\/la-clika.jpeg\"><img loading=\"lazy\" decoding=\"async\" class=\"wp-image-785 alignleft\" src=\"https:\/\/agora.xtec.cat\/ceiplesfonts\/wp-content\/uploads\/usu2928\/2022\/02\/la-clika-1024x576.jpeg\" alt=\"\" width=\"405\" height=\"228\" srcset=\"https:\/\/agora.xtec.cat\/ceiplesfonts\/wp-content\/uploads\/usu2928\/2022\/02\/la-clika-1024x576.jpeg 1024w, https:\/\/agora.xtec.cat\/ceiplesfonts\/wp-content\/uploads\/usu2928\/2022\/02\/la-clika-300x169.jpeg 300w, https:\/\/agora.xtec.cat\/ceiplesfonts\/wp-content\/uploads\/usu2928\/2022\/02\/la-clika-768x432.jpeg 768w, https:\/\/agora.xtec.cat\/ceiplesfonts\/wp-content\/uploads\/usu2928\/2022\/02\/la-clika.jpeg 1280w\" sizes=\"auto, (max-width: 405px) 100vw, 405px\" \/><\/a><\/p>\n<p style=\"text-align: left;\">Consisteix en l&#8217;aprenentatge escolar d&#8217;una cantata que s&#8217;interpreta pels alumnes a final de curs en m\u00faltiples teatres del territori. Mestres i infants treballen conjuntament les can\u00e7ons de la cantata per tal d&#8217;interioritzar l&#8217;univers musical i de valors creat per La Clika, un grup d&#8217;alumnes de 2n de l&#8217;Escola El Rusc.<\/p>\n<p style=\"text-align: left;\">La cantata es composa de 11 can\u00e7ons composades i creades per components dels grups Xiula, Gertrudis i XerrameQ que parlen de valors universals com l&#8217;autoestima, l&#8217;amistat, l&#8217;ecologisme, la igualtat de g\u00e8nere o la cooperaci\u00f3. M\u00e9s informaci\u00f3: <a href=\"https:\/\/laclika.cat\/\">laclika.cat<\/a><\/p>\n<p>&nbsp;<\/p>\n<p><iframe loading=\"lazy\" title=\"YouTube video player\" src=\"https:\/\/www.youtube.com\/embed\/t1mj7BCEV-U?si=MHzpe2bIo-0d47VE\" width=\"800\" height=\"425\" frameborder=\"0\" allowfullscreen=\"allowfullscreen\"><\/iframe><\/p>\n<p><a href=\"https:\/\/agora.xtec.cat\/ceiplesfonts\/wp-content\/uploads\/usu2928\/2024\/05\/GNfCBlBX0AAj6sn-scaled.jpg\"><img loading=\"lazy\" decoding=\"async\" class=\"aligncenter size-large wp-image-2506\" src=\"https:\/\/agora.xtec.cat\/ceiplesfonts\/wp-content\/uploads\/usu2928\/2024\/05\/GNfCBlBX0AAj6sn-1024x553.jpg\" alt=\"\" width=\"1024\" height=\"553\" srcset=\"https:\/\/agora.xtec.cat\/ceiplesfonts\/wp-content\/uploads\/usu2928\/2024\/05\/GNfCBlBX0AAj6sn-1024x553.jpg 1024w, https:\/\/agora.xtec.cat\/ceiplesfonts\/wp-content\/uploads\/usu2928\/2024\/05\/GNfCBlBX0AAj6sn-300x162.jpg 300w, https:\/\/agora.xtec.cat\/ceiplesfonts\/wp-content\/uploads\/usu2928\/2024\/05\/GNfCBlBX0AAj6sn-768x415.jpg 768w, https:\/\/agora.xtec.cat\/ceiplesfonts\/wp-content\/uploads\/usu2928\/2024\/05\/GNfCBlBX0AAj6sn-1536x830.jpg 1536w, https:\/\/agora.xtec.cat\/ceiplesfonts\/wp-content\/uploads\/usu2928\/2024\/05\/GNfCBlBX0AAj6sn-2048x1106.jpg 2048w\" sizes=\"auto, (max-width: 1024px) 100vw, 1024px\" \/><\/a><\/p>\n<p><a href=\"https:\/\/agora.xtec.cat\/ceiplesfonts\/wp-content\/uploads\/usu2928\/2024\/05\/GNfCBlFXoAA-iP7-scaled.jpg\"><img loading=\"lazy\" decoding=\"async\" class=\"aligncenter size-large wp-image-2507\" src=\"https:\/\/agora.xtec.cat\/ceiplesfonts\/wp-content\/uploads\/usu2928\/2024\/05\/GNfCBlFXoAA-iP7-1024x513.jpg\" alt=\"\" width=\"1024\" height=\"513\" srcset=\"https:\/\/agora.xtec.cat\/ceiplesfonts\/wp-content\/uploads\/usu2928\/2024\/05\/GNfCBlFXoAA-iP7-1024x513.jpg 1024w, https:\/\/agora.xtec.cat\/ceiplesfonts\/wp-content\/uploads\/usu2928\/2024\/05\/GNfCBlFXoAA-iP7-300x150.jpg 300w, https:\/\/agora.xtec.cat\/ceiplesfonts\/wp-content\/uploads\/usu2928\/2024\/05\/GNfCBlFXoAA-iP7-768x385.jpg 768w, https:\/\/agora.xtec.cat\/ceiplesfonts\/wp-content\/uploads\/usu2928\/2024\/05\/GNfCBlFXoAA-iP7-1536x770.jpg 1536w, https:\/\/agora.xtec.cat\/ceiplesfonts\/wp-content\/uploads\/usu2928\/2024\/05\/GNfCBlFXoAA-iP7-2048x1027.jpg 2048w\" sizes=\"auto, (max-width: 1024px) 100vw, 1024px\" \/><\/a><\/p>\n<p><a href=\"https:\/\/agora.xtec.cat\/ceiplesfonts\/wp-content\/uploads\/usu2928\/2022\/02\/logos-la-clika.png\"><img loading=\"lazy\" decoding=\"async\" class=\"aligncenter size-large wp-image-783\" src=\"https:\/\/agora.xtec.cat\/ceiplesfonts\/wp-content\/uploads\/usu2928\/2022\/02\/logos-la-clika-1024x130.png\" alt=\"\" width=\"1024\" height=\"130\" srcset=\"https:\/\/agora.xtec.cat\/ceiplesfonts\/wp-content\/uploads\/usu2928\/2022\/02\/logos-la-clika-1024x130.png 1024w, https:\/\/agora.xtec.cat\/ceiplesfonts\/wp-content\/uploads\/usu2928\/2022\/02\/logos-la-clika-300x38.png 300w, https:\/\/agora.xtec.cat\/ceiplesfonts\/wp-content\/uploads\/usu2928\/2022\/02\/logos-la-clika-768x98.png 768w, https:\/\/agora.xtec.cat\/ceiplesfonts\/wp-content\/uploads\/usu2928\/2022\/02\/logos-la-clika-1536x195.png 1536w, https:\/\/agora.xtec.cat\/ceiplesfonts\/wp-content\/uploads\/usu2928\/2022\/02\/logos-la-clika-2048x260.png 2048w\" sizes=\"auto, (max-width: 1024px) 100vw, 1024px\" \/><\/a><\/p>\n","protected":false},"excerpt":{"rendered":"<p>La cantata de la Clika \u00e9s un projecte impulsat per Les Cases de la M\u00fasica que pret\u00e9n generar afici\u00f3 per la m\u00fasica, apropar les arts esc\u00e8niques a les escoles i treballar valors universals com la solidaritat, la comunitat o la diversitat. Aquest curs 23-24 ha&hellip;  <a href=\"https:\/\/agora.xtec.cat\/ceiplesfonts\/general\/projecte-la-clika-2024-2n\/\" title=\"Read PROJECTE LA CLIKA 2024 (2n)\">Llegeix m\u00e9s\u00bb<\/a><\/p>\n","protected":false},"author":1,"featured_media":2510,"comment_status":"closed","ping_status":"closed","sticky":false,"template":"","format":"standard","meta":{"_bbp_topic_count":0,"_bbp_reply_count":0,"_bbp_total_topic_count":0,"_bbp_total_reply_count":0,"_bbp_voice_count":0,"_bbp_anonymous_reply_count":0,"_bbp_topic_count_hidden":0,"_bbp_reply_count_hidden":0,"_bbp_forum_subforum_count":0,"footnotes":""},"categories":[9,1,4],"tags":[],"class_list":["post-2502","post","type-post","status-publish","format-standard","has-post-thumbnail","hentry","category-9","category-general","category-portada"],"post_mailing_queue_ids":[],"_links":{"self":[{"href":"https:\/\/agora.xtec.cat\/ceiplesfonts\/wp-json\/wp\/v2\/posts\/2502","targetHints":{"allow":["GET"]}}],"collection":[{"href":"https:\/\/agora.xtec.cat\/ceiplesfonts\/wp-json\/wp\/v2\/posts"}],"about":[{"href":"https:\/\/agora.xtec.cat\/ceiplesfonts\/wp-json\/wp\/v2\/types\/post"}],"author":[{"embeddable":true,"href":"https:\/\/agora.xtec.cat\/ceiplesfonts\/wp-json\/wp\/v2\/users\/1"}],"replies":[{"embeddable":true,"href":"https:\/\/agora.xtec.cat\/ceiplesfonts\/wp-json\/wp\/v2\/comments?post=2502"}],"version-history":[{"count":4,"href":"https:\/\/agora.xtec.cat\/ceiplesfonts\/wp-json\/wp\/v2\/posts\/2502\/revisions"}],"predecessor-version":[{"id":2514,"href":"https:\/\/agora.xtec.cat\/ceiplesfonts\/wp-json\/wp\/v2\/posts\/2502\/revisions\/2514"}],"wp:featuredmedia":[{"embeddable":true,"href":"https:\/\/agora.xtec.cat\/ceiplesfonts\/wp-json\/wp\/v2\/media\/2510"}],"wp:attachment":[{"href":"https:\/\/agora.xtec.cat\/ceiplesfonts\/wp-json\/wp\/v2\/media?parent=2502"}],"wp:term":[{"taxonomy":"category","embeddable":true,"href":"https:\/\/agora.xtec.cat\/ceiplesfonts\/wp-json\/wp\/v2\/categories?post=2502"},{"taxonomy":"post_tag","embeddable":true,"href":"https:\/\/agora.xtec.cat\/ceiplesfonts\/wp-json\/wp\/v2\/tags?post=2502"}],"curies":[{"name":"wp","href":"https:\/\/api.w.org\/{rel}","templated":true}]}}