{"id":2470,"date":"2024-05-02T13:54:50","date_gmt":"2024-05-02T11:54:50","guid":{"rendered":"https:\/\/agora.xtec.cat\/ceiplesfonts\/?p=2470"},"modified":"2024-05-02T13:54:50","modified_gmt":"2024-05-02T11:54:50","slug":"visitem-el-mnac-5e","status":"publish","type":"post","link":"https:\/\/agora.xtec.cat\/ceiplesfonts\/promocions\/promo25\/visitem-el-mnac-5e\/","title":{"rendered":"VISITEM EL MNAC 5\u00e8"},"content":{"rendered":"<p>El dimarts 30 d&#8217;abril l&#8217;alumnat de 5\u00e8 va visitar el MNAC per dur a terme una visita \/ taller sobre l&#8217;Art Rom\u00e0nic a l&#8217;Edat Mitjana.<\/p>\n<p>Va estar d&#8217;all\u00f2 m\u00e9s divertit i din\u00e0mic.<\/p>\n<p><iframe loading=\"lazy\" title=\"YouTube video player\" src=\"https:\/\/www.youtube.com\/embed\/tQSTduYR-54?si=ZfPoWpeNMEX25Neo\" width=\"560\" height=\"315\" frameborder=\"0\"><\/iframe><\/p>\n","protected":false},"excerpt":{"rendered":"<p>El dimarts 30 d&#8217;abril l&#8217;alumnat de 5\u00e8 va visitar el MNAC per dur a terme una visita \/ taller sobre l&#8217;Art Rom\u00e0nic a l&#8217;Edat Mitjana.<br \/>\nVa estar d&#8217;all\u00f2 m\u00e9s divertit i din\u00e0mic.<\/p>\n","protected":false},"author":6,"featured_media":2471,"comment_status":"closed","ping_status":"closed","sticky":false,"template":"","format":"standard","meta":{"_bbp_topic_count":0,"_bbp_reply_count":0,"_bbp_total_topic_count":0,"_bbp_total_reply_count":0,"_bbp_voice_count":0,"_bbp_anonymous_reply_count":0,"_bbp_topic_count_hidden":0,"_bbp_reply_count_hidden":0,"_bbp_forum_subforum_count":0,"footnotes":""},"categories":[12],"tags":[106,103],"class_list":["post-2470","post","type-post","status-publish","format-standard","has-post-thumbnail","hentry","category-promo25","tag-5e","tag-curs-2023-2024"],"post_mailing_queue_ids":[],"_links":{"self":[{"href":"https:\/\/agora.xtec.cat\/ceiplesfonts\/wp-json\/wp\/v2\/posts\/2470","targetHints":{"allow":["GET"]}}],"collection":[{"href":"https:\/\/agora.xtec.cat\/ceiplesfonts\/wp-json\/wp\/v2\/posts"}],"about":[{"href":"https:\/\/agora.xtec.cat\/ceiplesfonts\/wp-json\/wp\/v2\/types\/post"}],"author":[{"embeddable":true,"href":"https:\/\/agora.xtec.cat\/ceiplesfonts\/wp-json\/wp\/v2\/users\/6"}],"replies":[{"embeddable":true,"href":"https:\/\/agora.xtec.cat\/ceiplesfonts\/wp-json\/wp\/v2\/comments?post=2470"}],"version-history":[{"count":3,"href":"https:\/\/agora.xtec.cat\/ceiplesfonts\/wp-json\/wp\/v2\/posts\/2470\/revisions"}],"predecessor-version":[{"id":2474,"href":"https:\/\/agora.xtec.cat\/ceiplesfonts\/wp-json\/wp\/v2\/posts\/2470\/revisions\/2474"}],"wp:featuredmedia":[{"embeddable":true,"href":"https:\/\/agora.xtec.cat\/ceiplesfonts\/wp-json\/wp\/v2\/media\/2471"}],"wp:attachment":[{"href":"https:\/\/agora.xtec.cat\/ceiplesfonts\/wp-json\/wp\/v2\/media?parent=2470"}],"wp:term":[{"taxonomy":"category","embeddable":true,"href":"https:\/\/agora.xtec.cat\/ceiplesfonts\/wp-json\/wp\/v2\/categories?post=2470"},{"taxonomy":"post_tag","embeddable":true,"href":"https:\/\/agora.xtec.cat\/ceiplesfonts\/wp-json\/wp\/v2\/tags?post=2470"}],"curies":[{"name":"wp","href":"https:\/\/api.w.org\/{rel}","templated":true}]}}