{"id":2388,"date":"2024-02-19T12:13:50","date_gmt":"2024-02-19T11:13:50","guid":{"rendered":"https:\/\/agora.xtec.cat\/ceiplesfonts\/?p=2388"},"modified":"2024-02-19T12:13:50","modified_gmt":"2024-02-19T11:13:50","slug":"carnaval-2024-a-educacio-infantil","status":"publish","type":"post","link":"https:\/\/agora.xtec.cat\/ceiplesfonts\/general\/carnaval-2024-a-educacio-infantil\/","title":{"rendered":"CARNAVAL 2024 A EDUCACI\u00d3 INFANTIL"},"content":{"rendered":"<p>Aqu\u00ed uns deixem una mostra de les activitats que hem realitzat els alumnes d&#8217;Educaci\u00f3 Infantil al llarg de la setmana de Carnaval.<\/p>\n<p>Visca el Carnaval!<\/p>\n<p>Mireu quina festa i quina gresca&#8230;<\/p>\n<p><iframe loading=\"lazy\" title=\"CARNAVAL 2024 Educaci\u00f3 Infantil\" width=\"500\" height=\"281\" src=\"https:\/\/www.youtube.com\/embed\/b9TlQWghSog?feature=oembed\" frameborder=\"0\" allow=\"accelerometer; autoplay; clipboard-write; encrypted-media; gyroscope; picture-in-picture; web-share\" referrerpolicy=\"strict-origin-when-cross-origin\" allowfullscreen><\/iframe><\/p>\n","protected":false},"excerpt":{"rendered":"<p>Aqu\u00ed uns deixem una mostra de les activitats que hem realitzat els alumnes d&#8217;Educaci\u00f3 Infantil al llarg de la setmana de Carnaval.<br \/>\nVisca el Carnaval!<br \/>\nMireu quina festa i quina gresca&#8230;<\/p>\n","protected":false},"author":21,"featured_media":2392,"comment_status":"closed","ping_status":"closed","sticky":false,"template":"","format":"standard","meta":{"_bbp_topic_count":0,"_bbp_reply_count":0,"_bbp_total_topic_count":0,"_bbp_total_reply_count":0,"_bbp_voice_count":0,"_bbp_anonymous_reply_count":0,"_bbp_topic_count_hidden":0,"_bbp_reply_count_hidden":0,"_bbp_forum_subforum_count":0,"footnotes":""},"categories":[85,3,1,96,2],"tags":[],"class_list":["post-2388","post","type-post","status-publish","format-standard","has-post-thumbnail","hentry","category-85","category-3","category-general","category-infantil5","category-infantil"],"post_mailing_queue_ids":[],"_links":{"self":[{"href":"https:\/\/agora.xtec.cat\/ceiplesfonts\/wp-json\/wp\/v2\/posts\/2388","targetHints":{"allow":["GET"]}}],"collection":[{"href":"https:\/\/agora.xtec.cat\/ceiplesfonts\/wp-json\/wp\/v2\/posts"}],"about":[{"href":"https:\/\/agora.xtec.cat\/ceiplesfonts\/wp-json\/wp\/v2\/types\/post"}],"author":[{"embeddable":true,"href":"https:\/\/agora.xtec.cat\/ceiplesfonts\/wp-json\/wp\/v2\/users\/21"}],"replies":[{"embeddable":true,"href":"https:\/\/agora.xtec.cat\/ceiplesfonts\/wp-json\/wp\/v2\/comments?post=2388"}],"version-history":[{"count":1,"href":"https:\/\/agora.xtec.cat\/ceiplesfonts\/wp-json\/wp\/v2\/posts\/2388\/revisions"}],"predecessor-version":[{"id":2389,"href":"https:\/\/agora.xtec.cat\/ceiplesfonts\/wp-json\/wp\/v2\/posts\/2388\/revisions\/2389"}],"wp:featuredmedia":[{"embeddable":true,"href":"https:\/\/agora.xtec.cat\/ceiplesfonts\/wp-json\/wp\/v2\/media\/2392"}],"wp:attachment":[{"href":"https:\/\/agora.xtec.cat\/ceiplesfonts\/wp-json\/wp\/v2\/media?parent=2388"}],"wp:term":[{"taxonomy":"category","embeddable":true,"href":"https:\/\/agora.xtec.cat\/ceiplesfonts\/wp-json\/wp\/v2\/categories?post=2388"},{"taxonomy":"post_tag","embeddable":true,"href":"https:\/\/agora.xtec.cat\/ceiplesfonts\/wp-json\/wp\/v2\/tags?post=2388"}],"curies":[{"name":"wp","href":"https:\/\/api.w.org\/{rel}","templated":true}]}}