{"id":2350,"date":"2024-02-02T10:22:50","date_gmt":"2024-02-02T09:22:50","guid":{"rendered":"https:\/\/agora.xtec.cat\/ceiplesfonts\/?p=2350"},"modified":"2024-02-02T10:22:50","modified_gmt":"2024-02-02T09:22:50","slug":"sortida-al-museu-dhistoria","status":"publish","type":"post","link":"https:\/\/agora.xtec.cat\/ceiplesfonts\/primaria\/sortida-al-museu-dhistoria\/","title":{"rendered":"SORTIDA AL MUSEU D&#8217;HIST\u00d2RIA"},"content":{"rendered":"<p>El passat dia 1 de febrer de 2024, els alumnes de sis\u00e8 de prim\u00e0ria van anar a Barcelona per realitzar un taller sobre l&#8217;Edat Moderna al Museu d&#8217;Hist\u00f2ria de Catalunya. Gr\u00e0cies per fer-nos la cloenda d&#8217;aquest tema!<\/p>\n<p><a href=\"https:\/\/agora.xtec.cat\/ceiplesfonts\/wp-content\/uploads\/usu2928\/2024\/02\/WhatsApp-Image-2024-02-02-at-08.43.54-e1706865753489.jpeg\"><img loading=\"lazy\" decoding=\"async\" class=\"aligncenter size-large wp-image-2348\" src=\"https:\/\/agora.xtec.cat\/ceiplesfonts\/wp-content\/uploads\/usu2928\/2024\/02\/WhatsApp-Image-2024-02-02-at-08.43.54-e1706865753489-1024x452.jpeg\" alt=\"\" width=\"1024\" height=\"452\" srcset=\"https:\/\/agora.xtec.cat\/ceiplesfonts\/wp-content\/uploads\/usu2928\/2024\/02\/WhatsApp-Image-2024-02-02-at-08.43.54-e1706865753489-1024x452.jpeg 1024w, https:\/\/agora.xtec.cat\/ceiplesfonts\/wp-content\/uploads\/usu2928\/2024\/02\/WhatsApp-Image-2024-02-02-at-08.43.54-e1706865753489-300x132.jpeg 300w, https:\/\/agora.xtec.cat\/ceiplesfonts\/wp-content\/uploads\/usu2928\/2024\/02\/WhatsApp-Image-2024-02-02-at-08.43.54-e1706865753489-768x339.jpeg 768w, https:\/\/agora.xtec.cat\/ceiplesfonts\/wp-content\/uploads\/usu2928\/2024\/02\/WhatsApp-Image-2024-02-02-at-08.43.54-e1706865753489-1536x678.jpeg 1536w, https:\/\/agora.xtec.cat\/ceiplesfonts\/wp-content\/uploads\/usu2928\/2024\/02\/WhatsApp-Image-2024-02-02-at-08.43.54-e1706865753489.jpeg 2000w\" sizes=\"auto, (max-width: 1024px) 100vw, 1024px\" \/><\/a><\/p>\n","protected":false},"excerpt":{"rendered":"<p>El passat dia 1 de febrer de 2024, els alumnes de sis\u00e8 de prim\u00e0ria van anar a Barcelona per realitzar un taller sobre l&#8217;Edat Moderna al Museu d&#8217;Hist\u00f2ria de Catalunya. Gr\u00e0cies per fer-nos la cloenda d&#8217;aquest tema!<br \/>\n<a href=\"https:\/\/agora.xtec.cat\/ceiplesfonts\/wp-content\/uploads\/usu2928\/2024\/02\/WhatsApp-Image-2024-02-02-at-08.43.54-e1706865753489.jpeg\"><\/a><\/p>\n","protected":false},"author":1,"featured_media":0,"comment_status":"closed","ping_status":"closed","sticky":false,"template":"","format":"standard","meta":{"_bbp_topic_count":0,"_bbp_reply_count":0,"_bbp_total_topic_count":0,"_bbp_total_reply_count":0,"_bbp_voice_count":0,"_bbp_anonymous_reply_count":0,"_bbp_topic_count_hidden":0,"_bbp_reply_count_hidden":0,"_bbp_forum_subforum_count":0,"footnotes":""},"categories":[5,13],"tags":[],"class_list":["post-2350","post","type-post","status-publish","format-standard","hentry","category-primaria","category-promo-24"],"post_mailing_queue_ids":[],"_links":{"self":[{"href":"https:\/\/agora.xtec.cat\/ceiplesfonts\/wp-json\/wp\/v2\/posts\/2350","targetHints":{"allow":["GET"]}}],"collection":[{"href":"https:\/\/agora.xtec.cat\/ceiplesfonts\/wp-json\/wp\/v2\/posts"}],"about":[{"href":"https:\/\/agora.xtec.cat\/ceiplesfonts\/wp-json\/wp\/v2\/types\/post"}],"author":[{"embeddable":true,"href":"https:\/\/agora.xtec.cat\/ceiplesfonts\/wp-json\/wp\/v2\/users\/1"}],"replies":[{"embeddable":true,"href":"https:\/\/agora.xtec.cat\/ceiplesfonts\/wp-json\/wp\/v2\/comments?post=2350"}],"version-history":[{"count":1,"href":"https:\/\/agora.xtec.cat\/ceiplesfonts\/wp-json\/wp\/v2\/posts\/2350\/revisions"}],"predecessor-version":[{"id":2351,"href":"https:\/\/agora.xtec.cat\/ceiplesfonts\/wp-json\/wp\/v2\/posts\/2350\/revisions\/2351"}],"wp:attachment":[{"href":"https:\/\/agora.xtec.cat\/ceiplesfonts\/wp-json\/wp\/v2\/media?parent=2350"}],"wp:term":[{"taxonomy":"category","embeddable":true,"href":"https:\/\/agora.xtec.cat\/ceiplesfonts\/wp-json\/wp\/v2\/categories?post=2350"},{"taxonomy":"post_tag","embeddable":true,"href":"https:\/\/agora.xtec.cat\/ceiplesfonts\/wp-json\/wp\/v2\/tags?post=2350"}],"curies":[{"name":"wp","href":"https:\/\/api.w.org\/{rel}","templated":true}]}}