{"id":2329,"date":"2023-12-27T20:08:25","date_gmt":"2023-12-27T19:08:25","guid":{"rendered":"https:\/\/agora.xtec.cat\/ceiplesfonts\/?p=2329"},"modified":"2023-12-27T20:14:41","modified_gmt":"2023-12-27T19:14:41","slug":"concert-de-nadal-2023","status":"publish","type":"post","link":"https:\/\/agora.xtec.cat\/ceiplesfonts\/general\/concert-de-nadal-2023\/","title":{"rendered":"CONCERT DE NADAL 2023"},"content":{"rendered":"<p>El passat 14 de desembre de 2023 vam celebrar el gran concert de Nadal al teatre La Sala (Argentona). Va ser un espectacle molt bonic, interpretant nadales de diversos estils, autors i \u00e8poques i amb la participaci\u00f3 de tots els grups d&#8217;infantil i prim\u00e0ria. Una vegada m\u00e9s vam comptar amb m\u00fasics convidats com en Roc Sala, pare de l&#8217;escola al piano, en Toni Corrales i la Mariona Ustrell de 4Cordes\/Musicop al viol\u00ed i la viola.\u00a0 L&#8217;alumnat de 6\u00e8, va dinamitzar el concert amb algunes escenes dels Pastorets que van fer la del\u00edcia de petits i grans. Gr\u00e0cies a tots i totes!!!<\/p>\n<p><iframe loading=\"lazy\" title=\"YouTube video player\" src=\"https:\/\/www.youtube.com\/embed\/mt-B5Vlv5Vs?si=nQS__Gi8DEU9AXUC\" width=\"760\" height=\"415\" frameborder=\"0\" allowfullscreen=\"allowfullscreen\"><span data-mce-type=\"bookmark\" style=\"display: inline-block; width: 0px; overflow: hidden; line-height: 0;\" class=\"mce_SELRES_start\">\ufeff<\/span><\/iframe><\/p>\n<p><iframe loading=\"lazy\" title=\"YouTube video player\" src=\"https:\/\/www.youtube.com\/embed\/4HwqbnNlkXI?si=siXTx2uyWHI4nhLx\" width=\"760\" height=\"415\" frameborder=\"0\" allowfullscreen=\"allowfullscreen\"><\/iframe><\/p>\n<p><iframe loading=\"lazy\" title=\"YouTube video player\" src=\"https:\/\/www.youtube.com\/embed\/Dh1-QT_YH1E?si=CzZgeiNgXSX89QuQ\" width=\"760\" height=\"415\" frameborder=\"0\" allowfullscreen=\"allowfullscreen\"><\/iframe><\/p>\n<p><a href=\"https:\/\/agora.xtec.cat\/ceiplesfonts\/wp-content\/uploads\/usu2928\/2023\/12\/IMG-20231214-WA0004-01.jpeg\"><img loading=\"lazy\" decoding=\"async\" class=\"wp-image-2331 alignleft\" src=\"https:\/\/agora.xtec.cat\/ceiplesfonts\/wp-content\/uploads\/usu2928\/2023\/12\/IMG-20231214-WA0004-01-1024x682.jpeg\" alt=\"\" width=\"587\" height=\"391\" srcset=\"https:\/\/agora.xtec.cat\/ceiplesfonts\/wp-content\/uploads\/usu2928\/2023\/12\/IMG-20231214-WA0004-01-1024x682.jpeg 1024w, https:\/\/agora.xtec.cat\/ceiplesfonts\/wp-content\/uploads\/usu2928\/2023\/12\/IMG-20231214-WA0004-01-300x200.jpeg 300w, https:\/\/agora.xtec.cat\/ceiplesfonts\/wp-content\/uploads\/usu2928\/2023\/12\/IMG-20231214-WA0004-01-768x512.jpeg 768w, https:\/\/agora.xtec.cat\/ceiplesfonts\/wp-content\/uploads\/usu2928\/2023\/12\/IMG-20231214-WA0004-01.jpeg 1336w\" sizes=\"auto, (max-width: 587px) 100vw, 587px\" \/><\/a><\/p>\n","protected":false},"excerpt":{"rendered":"<p>El passat 14 de desembre de 2023 vam celebrar el gran concert de Nadal al teatre La Sala (Argentona). Va ser un espectacle molt bonic, interpretant nadales de diversos estils, autors i \u00e8poques i amb la participaci\u00f3 de tots els grups d&#8217;infantil i prim\u00e0ria. Una&hellip;  <a href=\"https:\/\/agora.xtec.cat\/ceiplesfonts\/general\/concert-de-nadal-2023\/\" title=\"Read CONCERT DE NADAL 2023\">Llegeix m\u00e9s\u00bb<\/a><\/p>\n","protected":false},"author":1,"featured_media":2330,"comment_status":"closed","ping_status":"closed","sticky":false,"template":"","format":"standard","meta":{"_bbp_topic_count":0,"_bbp_reply_count":0,"_bbp_total_topic_count":0,"_bbp_total_reply_count":0,"_bbp_voice_count":0,"_bbp_anonymous_reply_count":0,"_bbp_topic_count_hidden":0,"_bbp_reply_count_hidden":0,"_bbp_forum_subforum_count":0,"footnotes":""},"categories":[1,4],"tags":[],"class_list":["post-2329","post","type-post","status-publish","format-standard","has-post-thumbnail","hentry","category-general","category-portada"],"post_mailing_queue_ids":[],"_links":{"self":[{"href":"https:\/\/agora.xtec.cat\/ceiplesfonts\/wp-json\/wp\/v2\/posts\/2329","targetHints":{"allow":["GET"]}}],"collection":[{"href":"https:\/\/agora.xtec.cat\/ceiplesfonts\/wp-json\/wp\/v2\/posts"}],"about":[{"href":"https:\/\/agora.xtec.cat\/ceiplesfonts\/wp-json\/wp\/v2\/types\/post"}],"author":[{"embeddable":true,"href":"https:\/\/agora.xtec.cat\/ceiplesfonts\/wp-json\/wp\/v2\/users\/1"}],"replies":[{"embeddable":true,"href":"https:\/\/agora.xtec.cat\/ceiplesfonts\/wp-json\/wp\/v2\/comments?post=2329"}],"version-history":[{"count":2,"href":"https:\/\/agora.xtec.cat\/ceiplesfonts\/wp-json\/wp\/v2\/posts\/2329\/revisions"}],"predecessor-version":[{"id":2333,"href":"https:\/\/agora.xtec.cat\/ceiplesfonts\/wp-json\/wp\/v2\/posts\/2329\/revisions\/2333"}],"wp:featuredmedia":[{"embeddable":true,"href":"https:\/\/agora.xtec.cat\/ceiplesfonts\/wp-json\/wp\/v2\/media\/2330"}],"wp:attachment":[{"href":"https:\/\/agora.xtec.cat\/ceiplesfonts\/wp-json\/wp\/v2\/media?parent=2329"}],"wp:term":[{"taxonomy":"category","embeddable":true,"href":"https:\/\/agora.xtec.cat\/ceiplesfonts\/wp-json\/wp\/v2\/categories?post=2329"},{"taxonomy":"post_tag","embeddable":true,"href":"https:\/\/agora.xtec.cat\/ceiplesfonts\/wp-json\/wp\/v2\/tags?post=2329"}],"curies":[{"name":"wp","href":"https:\/\/api.w.org\/{rel}","templated":true}]}}