{"id":2258,"date":"2023-12-11T08:39:55","date_gmt":"2023-12-11T07:39:55","guid":{"rendered":"https:\/\/agora.xtec.cat\/ceiplesfonts\/?p=2258"},"modified":"2023-12-11T11:21:38","modified_gmt":"2023-12-11T10:21:38","slug":"taller-de-ceramica","status":"publish","type":"post","link":"https:\/\/agora.xtec.cat\/ceiplesfonts\/primaria\/5\/taller-de-ceramica\/","title":{"rendered":"Taller de cer\u00e0mica"},"content":{"rendered":"<p>Avui els nens de 3r han fet de\u00a0 ceramistes i, mitjan\u00e7ant la t\u00e8cnica del torn han elaborat una pe\u00e7a de cer\u00e0mica\u2026 Ara els productes estan assecant-se, per\u00f2 ben aviat podreu veure quines grans obres d\u2019art!<\/p>\n<p><iframe loading=\"lazy\" title=\"Compartir\" width=\"500\" height=\"375\" src=\"https:\/\/www.youtube.com\/embed\/JEFtu7kEgac?feature=oembed\" frameborder=\"0\" allow=\"accelerometer; autoplay; clipboard-write; encrypted-media; gyroscope; picture-in-picture; web-share\" referrerpolicy=\"strict-origin-when-cross-origin\" allowfullscreen><\/iframe><\/p>\n","protected":false},"excerpt":{"rendered":"<p>Avui els nens de 3r han fet de\u00a0 ceramistes i, mitjan\u00e7ant la t\u00e8cnica del torn han elaborat una pe\u00e7a de cer\u00e0mica\u2026 Ara els productes estan assecant-se, per\u00f2 ben aviat podreu veure quines grans obres d\u2019art!<\/p>\n","protected":false},"author":8,"featured_media":0,"comment_status":"closed","ping_status":"closed","sticky":false,"template":"","format":"standard","meta":{"_bbp_topic_count":0,"_bbp_reply_count":0,"_bbp_total_topic_count":0,"_bbp_total_reply_count":0,"_bbp_voice_count":0,"_bbp_anonymous_reply_count":0,"_bbp_topic_count_hidden":0,"_bbp_reply_count_hidden":0,"_bbp_forum_subforum_count":0,"footnotes":""},"categories":[10],"tags":[],"class_list":["post-2258","post","type-post","status-publish","format-standard","hentry","category-10"],"post_mailing_queue_ids":[],"_links":{"self":[{"href":"https:\/\/agora.xtec.cat\/ceiplesfonts\/wp-json\/wp\/v2\/posts\/2258","targetHints":{"allow":["GET"]}}],"collection":[{"href":"https:\/\/agora.xtec.cat\/ceiplesfonts\/wp-json\/wp\/v2\/posts"}],"about":[{"href":"https:\/\/agora.xtec.cat\/ceiplesfonts\/wp-json\/wp\/v2\/types\/post"}],"author":[{"embeddable":true,"href":"https:\/\/agora.xtec.cat\/ceiplesfonts\/wp-json\/wp\/v2\/users\/8"}],"replies":[{"embeddable":true,"href":"https:\/\/agora.xtec.cat\/ceiplesfonts\/wp-json\/wp\/v2\/comments?post=2258"}],"version-history":[{"count":3,"href":"https:\/\/agora.xtec.cat\/ceiplesfonts\/wp-json\/wp\/v2\/posts\/2258\/revisions"}],"predecessor-version":[{"id":2262,"href":"https:\/\/agora.xtec.cat\/ceiplesfonts\/wp-json\/wp\/v2\/posts\/2258\/revisions\/2262"}],"wp:attachment":[{"href":"https:\/\/agora.xtec.cat\/ceiplesfonts\/wp-json\/wp\/v2\/media?parent=2258"}],"wp:term":[{"taxonomy":"category","embeddable":true,"href":"https:\/\/agora.xtec.cat\/ceiplesfonts\/wp-json\/wp\/v2\/categories?post=2258"},{"taxonomy":"post_tag","embeddable":true,"href":"https:\/\/agora.xtec.cat\/ceiplesfonts\/wp-json\/wp\/v2\/tags?post=2258"}],"curies":[{"name":"wp","href":"https:\/\/api.w.org\/{rel}","templated":true}]}}