{"id":2250,"date":"2023-12-02T11:02:33","date_gmt":"2023-12-02T10:02:33","guid":{"rendered":"https:\/\/agora.xtec.cat\/ceiplesfonts\/?p=2250"},"modified":"2023-12-11T13:16:56","modified_gmt":"2023-12-11T12:16:56","slug":"concert-de-santa-cecilia-2023","status":"publish","type":"post","link":"https:\/\/agora.xtec.cat\/ceiplesfonts\/general\/concert-de-santa-cecilia-2023\/","title":{"rendered":"CONCERT DE SANTA CEC\u00cdLIA 2023"},"content":{"rendered":"<p>El passat dijous 23 de novembre vam celebrar Santa Cec\u00edlia, patrona de la m\u00fasica. L\u2019acte principal va ser un concert al gimn\u00e0s de l\u2019escola. Els grans protagonistes van ser els grups de tercer, quart i cinqu\u00e8 que duen a terme el projecte 4Cordes (viol\u00ed i el violoncel). Tamb\u00e9 van participar alumnes de 6\u00e8 i mestres interpretant diverses obres de diferents \u00e8poques i estils. En acabar el concert tamb\u00e9 vam gaudir d\u2019una petita cercavila dels nostres capgrossos Joan i Fontina. Un dia ple de m\u00fasica i emocions.<\/p>\n<p>Volem donar les gr\u00e0cies a tots i totes; Felicitats artistes!<br \/>\nUs mostrem un recull de v\u00eddeos, esperem que gaudiu de les actuacions!<\/p>\n<p><iframe loading=\"lazy\" title=\"YouTube video player\" src=\"https:\/\/www.youtube.com\/embed\/hrQaj1fXVfs?si=WAPMLti1fRzyUljG\" width=\"560\" height=\"315\" frameborder=\"0\" allowfullscreen=\"allowfullscreen\"><\/iframe><\/p>\n<p><iframe loading=\"lazy\" width=\"560\" height=\"315\" src=\"https:\/\/www.youtube.com\/embed\/ZiXyjzFzOms?si=859-3jtA7XbfIiXd\" title=\"YouTube video player\" frameborder=\"0\" allow=\"accelerometer; autoplay; clipboard-write; encrypted-media; gyroscope; picture-in-picture; web-share\" allowfullscreen><\/iframe><\/p>\n<p><iframe loading=\"lazy\" title=\"YouTube video player\" src=\"https:\/\/www.youtube.com\/embed\/SFB7Hh8Y0gY?si=z3-3Yxf9GDXWH5FR\" width=\"560\" height=\"315\" frameborder=\"0\" allowfullscreen=\"allowfullscreen\"><\/iframe><\/p>\n<p><iframe loading=\"lazy\" title=\"YouTube video player\" src=\"https:\/\/www.youtube.com\/embed\/C2yR9S715hU?si=fB8PcJY3BkDfKOXu\" width=\"560\" height=\"315\" frameborder=\"0\" allowfullscreen=\"allowfullscreen\"><\/iframe><\/p>\n<p><iframe loading=\"lazy\" title=\"YouTube video player\" src=\"https:\/\/www.youtube.com\/embed\/N2hjM1VVQu8?si=dCEA7Mr7KMwrJGhh\" width=\"560\" height=\"315\" frameborder=\"0\" allowfullscreen=\"allowfullscreen\"><\/iframe><\/p>\n<p><iframe loading=\"lazy\" width=\"560\" height=\"315\" src=\"https:\/\/www.youtube.com\/embed\/4xDd8eF2e5o?si=lmW67Wi99ljygSXG\" title=\"YouTube video player\" frameborder=\"0\" allow=\"accelerometer; autoplay; clipboard-write; encrypted-media; gyroscope; picture-in-picture; web-share\" allowfullscreen><\/iframe><\/p>\n","protected":false},"excerpt":{"rendered":"<p>El passat dijous 23 de novembre vam celebrar Santa Cec\u00edlia, patrona de la m\u00fasica. L\u2019acte principal va ser un concert al gimn\u00e0s de l\u2019escola. Els grans protagonistes van ser els grups de tercer, quart i cinqu\u00e8 que duen a terme el projecte 4Cordes (viol\u00ed i&hellip;  <a href=\"https:\/\/agora.xtec.cat\/ceiplesfonts\/general\/concert-de-santa-cecilia-2023\/\" title=\"Read CONCERT DE SANTA CEC\u00cdLIA 2023\">Llegeix m\u00e9s\u00bb<\/a><\/p>\n","protected":false},"author":1,"featured_media":2251,"comment_status":"closed","ping_status":"closed","sticky":false,"template":"","format":"standard","meta":{"_bbp_topic_count":0,"_bbp_reply_count":0,"_bbp_total_topic_count":0,"_bbp_total_reply_count":0,"_bbp_voice_count":0,"_bbp_anonymous_reply_count":0,"_bbp_topic_count_hidden":0,"_bbp_reply_count_hidden":0,"_bbp_forum_subforum_count":0,"footnotes":""},"categories":[1,4],"tags":[],"class_list":["post-2250","post","type-post","status-publish","format-standard","has-post-thumbnail","hentry","category-general","category-portada"],"post_mailing_queue_ids":[],"_links":{"self":[{"href":"https:\/\/agora.xtec.cat\/ceiplesfonts\/wp-json\/wp\/v2\/posts\/2250","targetHints":{"allow":["GET"]}}],"collection":[{"href":"https:\/\/agora.xtec.cat\/ceiplesfonts\/wp-json\/wp\/v2\/posts"}],"about":[{"href":"https:\/\/agora.xtec.cat\/ceiplesfonts\/wp-json\/wp\/v2\/types\/post"}],"author":[{"embeddable":true,"href":"https:\/\/agora.xtec.cat\/ceiplesfonts\/wp-json\/wp\/v2\/users\/1"}],"replies":[{"embeddable":true,"href":"https:\/\/agora.xtec.cat\/ceiplesfonts\/wp-json\/wp\/v2\/comments?post=2250"}],"version-history":[{"count":2,"href":"https:\/\/agora.xtec.cat\/ceiplesfonts\/wp-json\/wp\/v2\/posts\/2250\/revisions"}],"predecessor-version":[{"id":2264,"href":"https:\/\/agora.xtec.cat\/ceiplesfonts\/wp-json\/wp\/v2\/posts\/2250\/revisions\/2264"}],"wp:featuredmedia":[{"embeddable":true,"href":"https:\/\/agora.xtec.cat\/ceiplesfonts\/wp-json\/wp\/v2\/media\/2251"}],"wp:attachment":[{"href":"https:\/\/agora.xtec.cat\/ceiplesfonts\/wp-json\/wp\/v2\/media?parent=2250"}],"wp:term":[{"taxonomy":"category","embeddable":true,"href":"https:\/\/agora.xtec.cat\/ceiplesfonts\/wp-json\/wp\/v2\/categories?post=2250"},{"taxonomy":"post_tag","embeddable":true,"href":"https:\/\/agora.xtec.cat\/ceiplesfonts\/wp-json\/wp\/v2\/tags?post=2250"}],"curies":[{"name":"wp","href":"https:\/\/api.w.org\/{rel}","templated":true}]}}