{"id":2213,"date":"2023-10-11T17:00:34","date_gmt":"2023-10-11T15:00:34","guid":{"rendered":"https:\/\/agora.xtec.cat\/ceiplesfonts\/?p=2213"},"modified":"2023-10-11T17:00:34","modified_gmt":"2023-10-11T15:00:34","slug":"sortida-coves-del-toll","status":"publish","type":"post","link":"https:\/\/agora.xtec.cat\/ceiplesfonts\/primaria\/6\/sortida-coves-del-toll\/","title":{"rendered":"SORTIDA COVES DEL TOLL"},"content":{"rendered":"<p>El passat divendres 6 d&#8217;octubre vam realitzar una sortida a Les Coves del Toll a Moi\u00e0. Vam treballar de manera vivencial la prehist\u00f2ria i ens ho vam passar d&#8217;all\u00f2 m\u00e9s b\u00e9. Fins i tot vam fer un brunzidor prehist\u00f2ric que ens vam emportar a casa. <\/p>\n<p><iframe loading=\"lazy\" width=\"560\" height=\"315\" src=\"https:\/\/www.youtube.com\/embed\/8xcdJLfH2to?si=d54Gxd9YfaFTpTQ8\" title=\"YouTube video player\" frameborder=\"0\" allow=\"accelerometer; autoplay; clipboard-write; encrypted-media; gyroscope; picture-in-picture; web-share\" allowfullscreen><\/iframe><\/p>\n","protected":false},"excerpt":{"rendered":"<p>El passat divendres 6 d&#8217;octubre vam realitzar una sortida a Les Coves del Toll a Moi\u00e0. Vam treballar de manera vivencial la prehist\u00f2ria i ens ho vam passar d&#8217;all\u00f2 m\u00e9s b\u00e9. Fins i tot vam fer un brunzidor prehist\u00f2ric que ens vam emportar a casa.&hellip;  <a href=\"https:\/\/agora.xtec.cat\/ceiplesfonts\/primaria\/6\/sortida-coves-del-toll\/\" title=\"Read SORTIDA COVES DEL TOLL\">Llegeix m\u00e9s\u00bb<\/a><\/p>\n","protected":false},"author":1,"featured_media":2214,"comment_status":"closed","ping_status":"closed","sticky":false,"template":"","format":"standard","meta":{"_bbp_topic_count":0,"_bbp_reply_count":0,"_bbp_total_topic_count":0,"_bbp_total_reply_count":0,"_bbp_voice_count":0,"_bbp_anonymous_reply_count":0,"_bbp_topic_count_hidden":0,"_bbp_reply_count_hidden":0,"_bbp_forum_subforum_count":0,"footnotes":""},"categories":[11],"tags":[],"class_list":["post-2213","post","type-post","status-publish","format-standard","has-post-thumbnail","hentry","category-11"],"post_mailing_queue_ids":[],"_links":{"self":[{"href":"https:\/\/agora.xtec.cat\/ceiplesfonts\/wp-json\/wp\/v2\/posts\/2213","targetHints":{"allow":["GET"]}}],"collection":[{"href":"https:\/\/agora.xtec.cat\/ceiplesfonts\/wp-json\/wp\/v2\/posts"}],"about":[{"href":"https:\/\/agora.xtec.cat\/ceiplesfonts\/wp-json\/wp\/v2\/types\/post"}],"author":[{"embeddable":true,"href":"https:\/\/agora.xtec.cat\/ceiplesfonts\/wp-json\/wp\/v2\/users\/1"}],"replies":[{"embeddable":true,"href":"https:\/\/agora.xtec.cat\/ceiplesfonts\/wp-json\/wp\/v2\/comments?post=2213"}],"version-history":[{"count":1,"href":"https:\/\/agora.xtec.cat\/ceiplesfonts\/wp-json\/wp\/v2\/posts\/2213\/revisions"}],"predecessor-version":[{"id":2215,"href":"https:\/\/agora.xtec.cat\/ceiplesfonts\/wp-json\/wp\/v2\/posts\/2213\/revisions\/2215"}],"wp:featuredmedia":[{"embeddable":true,"href":"https:\/\/agora.xtec.cat\/ceiplesfonts\/wp-json\/wp\/v2\/media\/2214"}],"wp:attachment":[{"href":"https:\/\/agora.xtec.cat\/ceiplesfonts\/wp-json\/wp\/v2\/media?parent=2213"}],"wp:term":[{"taxonomy":"category","embeddable":true,"href":"https:\/\/agora.xtec.cat\/ceiplesfonts\/wp-json\/wp\/v2\/categories?post=2213"},{"taxonomy":"post_tag","embeddable":true,"href":"https:\/\/agora.xtec.cat\/ceiplesfonts\/wp-json\/wp\/v2\/tags?post=2213"}],"curies":[{"name":"wp","href":"https:\/\/api.w.org\/{rel}","templated":true}]}}