{"id":2071,"date":"2023-06-24T10:39:29","date_gmt":"2023-06-24T08:39:29","guid":{"rendered":"https:\/\/agora.xtec.cat\/ceiplesfonts\/?p=2071"},"modified":"2023-06-26T10:13:52","modified_gmt":"2023-06-26T08:13:52","slug":"ubuntu-concert-4cordes","status":"publish","type":"post","link":"https:\/\/agora.xtec.cat\/ceiplesfonts\/general\/ubuntu-concert-4cordes\/","title":{"rendered":"&#8220;UBUNT\u00da&#8221; GRAN CONCERT Projecte 4Cordes"},"content":{"rendered":"<p><iframe loading=\"lazy\" title=\"YouTube video player\" src=\"https:\/\/www.youtube.com\/embed\/V0mOA_8R_yM\" width=\"860\" height=\"415\" frameborder=\"0\" allowfullscreen=\"allowfullscreen\"><\/iframe><\/p>\n<p>Despr\u00e9s de molts mesos de preparatius, l&#8217;espectacle de final de curs del projecte 4Cordes es va realitzar al Teatre La Sala d\u2019Argentona el 16 de juny de 2023. Els protagonistes van ser el conjunt de tots els nens i nenes de 3r, 4t i 5\u00e8 amb la col\u00b7laboraci\u00f3 d&#8217;un grup d&#8217;actors i actrius de 6\u00e8. Es van dur a terme dos torns, un per a les fam\u00edies i un altre per tot l&#8217;alumnat de l&#8217;escola. El resultat va ser fant\u00e0stic i molt emotiu. Enhorabona a tots i totes!<\/p>\n<p>Ubunt\u00fa \u00e9s una obra musical creada i estrenada l&#8217;any 2019 en motiu del 10\u00e8 aniversari del projecte 4Cordes (Musicop) i s&#8217;ha adaptat el curs 2022-2023 expressament l&#8217;ocasi\u00f3 a partir del conte INUNDAT (Mariajo Ilustrajo).<\/p>\n<p>Orquestra 4Cordes: Alumnes de 3r, 4t i 5\u00e8<br \/>\nActors, actrius i narradora: Alumnes de 6\u00e8 \/ Coordinaci\u00f3 esc\u00e8nica: Oriol Cuss\u00f3<br \/>\nDirecci\u00f3 musical i adaptaci\u00f3: Mariona Ustrell i Toni Corrales<\/p>\n<p>Solistes:<br \/>\nCl\u00e0udia Garc\u00eda-Albea (viol\u00ed) \/ Toni Corrales (viola) \/ Roc Sala (piano) \/ Xavier Dangla (guitarra) \/ Aleix Burgu\u00e9s (bateria)<br \/>\nEl projecte 4Cordes a l&#8217;escola Les Fonts forma part del Programa d&#8217;innovaci\u00f3 pedag\u00f2gica #araART.<\/p>\n","protected":false},"excerpt":{"rendered":"<p>Despr\u00e9s de molts mesos de preparatius, l&#8217;espectacle de final de curs del projecte 4Cordes es va realitzar al Teatre La Sala d\u2019Argentona el 16 de juny de 2023. Els protagonistes van ser el conjunt de tots els nens i nenes de 3r, 4t i 5\u00e8&hellip;  <a href=\"https:\/\/agora.xtec.cat\/ceiplesfonts\/general\/ubuntu-concert-4cordes\/\" title=\"Read &#8220;UBUNT\u00da&#8221; GRAN CONCERT Projecte 4Cordes\">Llegeix m\u00e9s\u00bb<\/a><\/p>\n","protected":false},"author":1,"featured_media":2072,"comment_status":"closed","ping_status":"closed","sticky":false,"template":"","format":"standard","meta":{"_bbp_topic_count":0,"_bbp_reply_count":0,"_bbp_total_topic_count":0,"_bbp_total_reply_count":0,"_bbp_voice_count":0,"_bbp_anonymous_reply_count":0,"_bbp_topic_count_hidden":0,"_bbp_reply_count_hidden":0,"_bbp_forum_subforum_count":0,"footnotes":""},"categories":[11,1,4,14,13,12],"tags":[],"class_list":["post-2071","post","type-post","status-publish","format-standard","has-post-thumbnail","hentry","category-11","category-general","category-portada","category-promo-23","category-promo-24","category-promo25"],"post_mailing_queue_ids":[],"_links":{"self":[{"href":"https:\/\/agora.xtec.cat\/ceiplesfonts\/wp-json\/wp\/v2\/posts\/2071","targetHints":{"allow":["GET"]}}],"collection":[{"href":"https:\/\/agora.xtec.cat\/ceiplesfonts\/wp-json\/wp\/v2\/posts"}],"about":[{"href":"https:\/\/agora.xtec.cat\/ceiplesfonts\/wp-json\/wp\/v2\/types\/post"}],"author":[{"embeddable":true,"href":"https:\/\/agora.xtec.cat\/ceiplesfonts\/wp-json\/wp\/v2\/users\/1"}],"replies":[{"embeddable":true,"href":"https:\/\/agora.xtec.cat\/ceiplesfonts\/wp-json\/wp\/v2\/comments?post=2071"}],"version-history":[{"count":3,"href":"https:\/\/agora.xtec.cat\/ceiplesfonts\/wp-json\/wp\/v2\/posts\/2071\/revisions"}],"predecessor-version":[{"id":2085,"href":"https:\/\/agora.xtec.cat\/ceiplesfonts\/wp-json\/wp\/v2\/posts\/2071\/revisions\/2085"}],"wp:featuredmedia":[{"embeddable":true,"href":"https:\/\/agora.xtec.cat\/ceiplesfonts\/wp-json\/wp\/v2\/media\/2072"}],"wp:attachment":[{"href":"https:\/\/agora.xtec.cat\/ceiplesfonts\/wp-json\/wp\/v2\/media?parent=2071"}],"wp:term":[{"taxonomy":"category","embeddable":true,"href":"https:\/\/agora.xtec.cat\/ceiplesfonts\/wp-json\/wp\/v2\/categories?post=2071"},{"taxonomy":"post_tag","embeddable":true,"href":"https:\/\/agora.xtec.cat\/ceiplesfonts\/wp-json\/wp\/v2\/tags?post=2071"}],"curies":[{"name":"wp","href":"https:\/\/api.w.org\/{rel}","templated":true}]}}