{"id":2017,"date":"2023-06-04T00:42:46","date_gmt":"2023-06-03T22:42:46","guid":{"rendered":"https:\/\/agora.xtec.cat\/ceiplesfonts\/?p=2017"},"modified":"2023-06-04T10:13:20","modified_gmt":"2023-06-04T08:13:20","slug":"fem-dansa-2023","status":"publish","type":"post","link":"https:\/\/agora.xtec.cat\/ceiplesfonts\/general\/fem-dansa-2023\/","title":{"rendered":"FEM DANSA 2023"},"content":{"rendered":"<p>L&#8217;alumnat de 1r i 2n ha participat en una nova edici\u00f3 del projecte Fem Dansa. El passat dimecres 31 de maig van celebrar a la Pla\u00e7a Nova (Argentona) la ballada final juntament amb la resta d&#8217;escoles del municipi aix\u00ed com tamb\u00e9 escoles d&#8217;\u00d2rrius i Dosrius. El <strong>Fem Dansa<\/strong> est\u00e0 coordinat des dels Serveis Educatius de Matar\u00f3, dirigit per Laida Tanco de Factoria Mascar\u00f3 i amb els suport dels ajuntaments de Matar\u00f3 i Argentona. Un any m\u00e9s va ser preci\u00f3s. Gr\u00e0cies a tots i totes per fer-ho possible, Llarga vida al Projecte Fem Dansa!<\/p>\n<p><iframe loading=\"lazy\" title=\"YouTube video player\" src=\"https:\/\/www.youtube.com\/embed\/jsLBdxctSAM\" width=\"660\" height=\"315\" frameborder=\"0\" allowfullscreen=\"allowfullscreen\"><\/iframe><\/p>\n<p><iframe loading=\"lazy\" title=\"YouTube video player\" src=\"https:\/\/www.youtube.com\/embed\/FPBW2u1EBUQ\" width=\"660\" height=\"315\" frameborder=\"0\" allowfullscreen=\"allowfullscreen\"><\/iframe><\/p>\n<p><iframe loading=\"lazy\" title=\"YouTube video player\" src=\"https:\/\/www.youtube.com\/embed\/Qxr_05nhjKY\" width=\"660\" height=\"315\" frameborder=\"0\" allowfullscreen=\"allowfullscreen\"><\/iframe><\/p>\n<p><iframe loading=\"lazy\" title=\"YouTube video player\" src=\"https:\/\/www.youtube.com\/embed\/L3J9Ttd4Pgk\" width=\"660\" height=\"315\" frameborder=\"0\" allowfullscreen=\"allowfullscreen\"><\/iframe><\/p>\n<p><a href=\"https:\/\/agora.xtec.cat\/ceiplesfonts\/wp-content\/uploads\/usu2928\/2023\/06\/IMG-20230604-WA0002-01-01.jpeg\"><img loading=\"lazy\" decoding=\"async\" class=\"alignnone wp-image-2021\" src=\"https:\/\/agora.xtec.cat\/ceiplesfonts\/wp-content\/uploads\/usu2928\/2023\/06\/IMG-20230604-WA0002-01-01-1024x521.jpeg\" alt=\"\" width=\"664\" height=\"338\" srcset=\"https:\/\/agora.xtec.cat\/ceiplesfonts\/wp-content\/uploads\/usu2928\/2023\/06\/IMG-20230604-WA0002-01-01-1024x521.jpeg 1024w, https:\/\/agora.xtec.cat\/ceiplesfonts\/wp-content\/uploads\/usu2928\/2023\/06\/IMG-20230604-WA0002-01-01-300x153.jpeg 300w, https:\/\/agora.xtec.cat\/ceiplesfonts\/wp-content\/uploads\/usu2928\/2023\/06\/IMG-20230604-WA0002-01-01-768x391.jpeg 768w, https:\/\/agora.xtec.cat\/ceiplesfonts\/wp-content\/uploads\/usu2928\/2023\/06\/IMG-20230604-WA0002-01-01.jpeg 1392w\" sizes=\"auto, (max-width: 664px) 100vw, 664px\" \/><\/a><\/p>\n","protected":false},"excerpt":{"rendered":"<p>L&#8217;alumnat de 1r i 2n ha participat en una nova edici\u00f3 del projecte Fem Dansa. El passat dimecres 31 de maig van celebrar a la Pla\u00e7a Nova (Argentona) la ballada final juntament amb la resta d&#8217;escoles del municipi aix\u00ed com tamb\u00e9 escoles d&#8217;\u00d2rrius i Dosrius.&hellip;  <a href=\"https:\/\/agora.xtec.cat\/ceiplesfonts\/general\/fem-dansa-2023\/\" title=\"Read FEM DANSA 2023\">Llegeix m\u00e9s\u00bb<\/a><\/p>\n","protected":false},"author":1,"featured_media":2018,"comment_status":"closed","ping_status":"closed","sticky":false,"template":"","format":"standard","meta":{"_bbp_topic_count":0,"_bbp_reply_count":0,"_bbp_total_topic_count":0,"_bbp_total_reply_count":0,"_bbp_voice_count":0,"_bbp_anonymous_reply_count":0,"_bbp_topic_count_hidden":0,"_bbp_reply_count_hidden":0,"_bbp_forum_subforum_count":0,"footnotes":""},"categories":[1,4],"tags":[],"class_list":["post-2017","post","type-post","status-publish","format-standard","has-post-thumbnail","hentry","category-general","category-portada"],"post_mailing_queue_ids":[],"_links":{"self":[{"href":"https:\/\/agora.xtec.cat\/ceiplesfonts\/wp-json\/wp\/v2\/posts\/2017","targetHints":{"allow":["GET"]}}],"collection":[{"href":"https:\/\/agora.xtec.cat\/ceiplesfonts\/wp-json\/wp\/v2\/posts"}],"about":[{"href":"https:\/\/agora.xtec.cat\/ceiplesfonts\/wp-json\/wp\/v2\/types\/post"}],"author":[{"embeddable":true,"href":"https:\/\/agora.xtec.cat\/ceiplesfonts\/wp-json\/wp\/v2\/users\/1"}],"replies":[{"embeddable":true,"href":"https:\/\/agora.xtec.cat\/ceiplesfonts\/wp-json\/wp\/v2\/comments?post=2017"}],"version-history":[{"count":3,"href":"https:\/\/agora.xtec.cat\/ceiplesfonts\/wp-json\/wp\/v2\/posts\/2017\/revisions"}],"predecessor-version":[{"id":2023,"href":"https:\/\/agora.xtec.cat\/ceiplesfonts\/wp-json\/wp\/v2\/posts\/2017\/revisions\/2023"}],"wp:featuredmedia":[{"embeddable":true,"href":"https:\/\/agora.xtec.cat\/ceiplesfonts\/wp-json\/wp\/v2\/media\/2018"}],"wp:attachment":[{"href":"https:\/\/agora.xtec.cat\/ceiplesfonts\/wp-json\/wp\/v2\/media?parent=2017"}],"wp:term":[{"taxonomy":"category","embeddable":true,"href":"https:\/\/agora.xtec.cat\/ceiplesfonts\/wp-json\/wp\/v2\/categories?post=2017"},{"taxonomy":"post_tag","embeddable":true,"href":"https:\/\/agora.xtec.cat\/ceiplesfonts\/wp-json\/wp\/v2\/tags?post=2017"}],"curies":[{"name":"wp","href":"https:\/\/api.w.org\/{rel}","templated":true}]}}